{"id":233617,"date":"2025-10-27T12:45:39","date_gmt":"2025-10-27T19:45:39","guid":{"rendered":"https:\/\/rnoticias.com.mx\/Portal\/?p=233617"},"modified":"2025-10-27T12:45:39","modified_gmt":"2025-10-27T19:45:39","slug":"compartira-pablo-fletcher-conferencia-tu-tienes-compas-no-amigos-en-el-congreso-de-la-familia","status":"publish","type":"post","link":"https:\/\/rnoticias.com.mx\/Portal\/2025\/10\/27\/compartira-pablo-fletcher-conferencia-tu-tienes-compas-no-amigos-en-el-congreso-de-la-familia\/","title":{"rendered":"Compartir\u00e1 Pablo Fletcher conferencia \u201cT\u00fa tienes compas, no amigos\u201d en el Congreso de la Familia"},"content":{"rendered":"<p>Hermosillo, Sonora; 27 octubre de 2025.- Como parte del Congreso de la Familia 2025, que se llevar\u00e1 a cabo el pr\u00f3ximo 28 de octubre en Hermosillo, se presentar\u00e1 el conferencista Pablo Fletcher, quien compartir\u00e1 con los asistentes la charla \u201cT\u00fa tienes compas, no amigos\u201d, una reflexi\u00f3n profunda sobre el verdadero valor de la amistad y las relaciones humanas en tiempos de superficialidad y conexi\u00f3n digital.<\/p>\n<p>La conferencia est\u00e1 dirigida tanto a j\u00f3venes como a adultos, y busca invitar a la introspecci\u00f3n sobre la autenticidad de los v\u00ednculos que cultivamos. Fletcher propone distinguir entre \u201ctener compas\u201d y tener amigos de verdad, es decir, aquellos que acompa\u00f1an, corrigen y apoyan en los momentos dif\u00edciles, fomentando relaciones genuinas y formativas.<\/p>\n<p>\u201cEsta pl\u00e1tica es una pausa para que te des cuenta de algo importante: la verdadera amistad no es s\u00f3lo cotorreo. Un amigo de verdad es el que est\u00e1 en las buenas, pero sobre todo en las malas, el que te dice la neta, aunque duela\u2026 es el que te quiere ver crecer\u201d, explica el conferencista.<\/p>\n<p>Con un estilo cercano, honesto y reflexivo, Pablo Fletcher busca que los asistentes salgan con una \u201cbr\u00fajula emocional\u201d que les ayude a orientar sus relaciones personales y construir amistades aut\u00e9nticas, de esas que transforman la vida, acompa\u00f1an en el dolor, celebran en la alegr\u00eda y fortalecen el crecimiento mutuo.<\/p>\n<p>El Congreso de la Familia 2025 reunir\u00e1 a ponentes nacionales que abordar\u00e1n temas de bienestar emocional, comunicaci\u00f3n, prevenci\u00f3n y fortalecimiento de lazos familiares, con el objetivo de inspirar a las familias hermosillenses a construir entornos m\u00e1s emp\u00e1ticos y saludables.<\/p>\n","protected":false},"excerpt":{"rendered":"<p>Hermosillo, Sonora; 27 octubre de 2025.- Como parte del Congreso de la Familia 2025, que se llevar\u00e1 a cabo el pr\u00f3ximo 28 de octubre en Hermosillo, se presentar\u00e1 el conferencista Pablo Fletcher, quien compartir\u00e1 con los asistentes la charla \u201cT\u00fa tienes compas, no amigos\u201d, una reflexi\u00f3n profunda sobre el verdadero valor de la amistad y [&hellip;]<\/p>\n","protected":false},"author":2,"featured_media":233618,"comment_status":"closed","ping_status":"closed","sticky":false,"template":"","format":"standard","meta":{"footnotes":""},"categories":[12870,178],"tags":[12865,12869],"class_list":["post-233617","post","type-post","status-publish","format-standard","has-post-thumbnail","hentry","category-destacadas","category-local","tag-destacadas","tag-local"],"jetpack_featured_media_url":"https:\/\/rnoticias.com.mx\/Portal\/wp-content\/uploads\/2025\/10\/a542865d-b993-4d09-bbfe-c121d3437e9d.jpeg","amp_enabled":true,"_links":{"self":[{"href":"https:\/\/rnoticias.com.mx\/Portal\/wp-json\/wp\/v2\/posts\/233617","targetHints":{"allow":["GET"]}}],"collection":[{"href":"https:\/\/rnoticias.com.mx\/Portal\/wp-json\/wp\/v2\/posts"}],"about":[{"href":"https:\/\/rnoticias.com.mx\/Portal\/wp-json\/wp\/v2\/types\/post"}],"author":[{"embeddable":true,"href":"https:\/\/rnoticias.com.mx\/Portal\/wp-json\/wp\/v2\/users\/2"}],"replies":[{"embeddable":true,"href":"https:\/\/rnoticias.com.mx\/Portal\/wp-json\/wp\/v2\/comments?post=233617"}],"version-history":[{"count":1,"href":"https:\/\/rnoticias.com.mx\/Portal\/wp-json\/wp\/v2\/posts\/233617\/revisions"}],"predecessor-version":[{"id":233619,"href":"https:\/\/rnoticias.com.mx\/Portal\/wp-json\/wp\/v2\/posts\/233617\/revisions\/233619"}],"wp:featuredmedia":[{"embeddable":true,"href":"https:\/\/rnoticias.com.mx\/Portal\/wp-json\/wp\/v2\/media\/233618"}],"wp:attachment":[{"href":"https:\/\/rnoticias.com.mx\/Portal\/wp-json\/wp\/v2\/media?parent=233617"}],"wp:term":[{"taxonomy":"category","embeddable":true,"href":"https:\/\/rnoticias.com.mx\/Portal\/wp-json\/wp\/v2\/categories?post=233617"},{"taxonomy":"post_tag","embeddable":true,"href":"https:\/\/rnoticias.com.mx\/Portal\/wp-json\/wp\/v2\/tags?post=233617"}],"curies":[{"name":"wp","href":"https:\/\/api.w.org\/{rel}","templated":true}]}}