{"id":233614,"date":"2025-10-27T09:19:48","date_gmt":"2025-10-27T16:19:48","guid":{"rendered":"https:\/\/rnoticias.com.mx\/Portal\/?p=233614"},"modified":"2025-10-27T09:19:48","modified_gmt":"2025-10-27T16:19:48","slug":"a-trump-le-encantaria-optar-a-un-tercer-mandato-pero-respalda-la-formula-vance-rubio","status":"publish","type":"post","link":"https:\/\/rnoticias.com.mx\/Portal\/2025\/10\/27\/a-trump-le-encantaria-optar-a-un-tercer-mandato-pero-respalda-la-formula-vance-rubio\/","title":{"rendered":"A Trump &#8220;le encantar\u00eda&#8221; optar a un tercer mandato&#8230; pero respalda la f\u00f3rmula Vance-Rubio"},"content":{"rendered":"<p>El presidente de Estados Unidos,\u00a0<a href=\"https:\/\/www.informador.mx\/donald-trump-t8094\" target=\"_blank\" rel=\"noopener\"><strong>Donald Trump<\/strong><\/a>, reconoci\u00f3 que &#8220;le encantar\u00eda&#8221; optar a un tercer mandato en la Casa Blanca, aunque la Constituci\u00f3n lo impide; sin embargo, respald\u00f3 la idea de que su vicepresidente, JD Vance, y el secretario de Estado, Marco Rubio, formen una candidatura para las elecciones de 2028, que en su opini\u00f3n ser\u00eda &#8220;imparable&#8221;.<\/p>\n<p><mark><strong>&#8220;Me encantar\u00eda hacerlo. Tengo mis mejores n\u00fameros (en las encuestas) hasta la fecha. Es tremendo&#8221;,<\/strong><\/mark>\u00a0dijo Trump a los reporteros a bordo del Air Force One antes de llegar a Jap\u00f3n.<\/p>\n<div id=\"teads_ad\"><\/div>\n<div class=\"div-pos-2\"><\/div>\n<h2>Respalda la f\u00f3rmula Vance-Rubio<\/h2>\n<p>Donald Trump destac\u00f3 la f\u00f3rmula de Vance, como candidato a presidente, y a Rubio, como vicepresidente, para las elecciones de 2028.<\/p>\n<p><mark><strong>&#8220;Creo que si en alg\u00fan momento formasen un grupo ser\u00edan imparables&#8221;,<\/strong><\/mark>\u00a0indic\u00f3. &#8220;No creo que nadie se presentara contra nosotros&#8221;.<\/p>\n<p>El responsable de la diplomacia estadounidense, que se encontraba junto al presidente, sonri\u00f3 al ser propuesto por Trump, pero evit\u00f3 hacer declaraciones al respecto.<\/p>\n<h2>\u00bfDonald Trump puede ser presidente de EU por tercera vez?<\/h2>\n<p>El mandatario fue preguntado despu\u00e9s de que\u00a0<strong>Steve Bannon, exasesor suyo, asegur\u00f3 en una entrevista que ya hay un plan para que Trump pueda estar otro mandato en la Casa Blanca, algo que limita la 22 enmienda de la Constituci\u00f3n.<\/strong><\/p>\n<p>La Vigesimosegunda Enmienda de la Constituci\u00f3n de\u00a0<a href=\"https:\/\/www.informador.mx\/estados-unidos-t359\" target=\"_blank\" rel=\"noopener\"><strong>EU<\/strong><\/a>\u00a0recoge que\u00a0<mark><strong>&#8220;ninguna persona podr\u00e1 ser elegida para el cargo de presidente m\u00e1s de dos veces&#8221;<\/strong><\/mark>\u00a0<strong>y fue ratificada en 1951<\/strong>\u00a0tras los cuatro mandatos que obtuvo el presidente Franklin D. Roosevelt en 1932, 1936, 1940 y 1944. Esto, en teor\u00eda, imposibilitar\u00eda a Trump de volver a postularse.<\/p>\n<p>Al ser insistido por un periodista sobre si descartaba finalmente la posibilidad de que hubiera un tercer mandato, que \u00e9l mismo ha sugerido en varias ocasiones, Trump asegur\u00f3 que su Administraci\u00f3n cuenta con &#8220;un gran grupo de personas&#8221; para las elecciones de 2028, en cambio, a su juicio, los dem\u00f3cratas &#8220;no&#8221;.<\/p>\n<p><strong>El republicano acus\u00f3 a algunos de los rostros m\u00e1s visibles de los liberales de tener &#8220;un coeficiente intelectual bajo&#8221;.<\/strong><\/p>\n<p><strong>Estas declaraciones llegan despu\u00e9s de que el propio Trump, y su entorno, haya dejado algunas pistas que revelan su intenci\u00f3n de volver a presentarse, como fotos de una gorra que tiene expuesta en la Casa Blanca en la que se lee &#8220;Trump 2028&#8221; como la que utiliz\u00f3 en la \u00faltima campa\u00f1a presidencial.<\/strong><\/p>\n<p>Adem\u00e1s, hace unos d\u00edas, el gobernador de California, el dem\u00f3crata Gavin Newsom, con quien Trump mantiene un enfrentamiento, y la exvicepresidenta Kamala Harris, que perdi\u00f3 contra \u00e9l el pasado noviembre, se han mostrado favorables a ser los candidatos del Partido Dem\u00f3crata en los pr\u00f3ximos comicios.<\/p>\n","protected":false},"excerpt":{"rendered":"<p>El presidente de Estados Unidos,\u00a0Donald Trump, reconoci\u00f3 que &#8220;le encantar\u00eda&#8221; optar a un tercer mandato en la Casa Blanca, aunque la Constituci\u00f3n lo impide; sin embargo, respald\u00f3 la idea de que su vicepresidente, JD Vance, y el secretario de Estado, Marco Rubio, formen una candidatura para las elecciones de 2028, que en su opini\u00f3n ser\u00eda [&hellip;]<\/p>\n","protected":false},"author":2,"featured_media":233615,"comment_status":"closed","ping_status":"closed","sticky":false,"template":"","format":"standard","meta":{"footnotes":""},"categories":[12870,182],"tags":[12865,12871],"class_list":["post-233614","post","type-post","status-publish","format-standard","has-post-thumbnail","hentry","category-destacadas","category-internacional","tag-destacadas","tag-internacional"],"jetpack_featured_media_url":"https:\/\/rnoticias.com.mx\/Portal\/wp-content\/uploads\/2025\/10\/WhatsApp-Image-2025-10-27-at-10.42.44-AM.jpeg","amp_enabled":true,"_links":{"self":[{"href":"https:\/\/rnoticias.com.mx\/Portal\/wp-json\/wp\/v2\/posts\/233614","targetHints":{"allow":["GET"]}}],"collection":[{"href":"https:\/\/rnoticias.com.mx\/Portal\/wp-json\/wp\/v2\/posts"}],"about":[{"href":"https:\/\/rnoticias.com.mx\/Portal\/wp-json\/wp\/v2\/types\/post"}],"author":[{"embeddable":true,"href":"https:\/\/rnoticias.com.mx\/Portal\/wp-json\/wp\/v2\/users\/2"}],"replies":[{"embeddable":true,"href":"https:\/\/rnoticias.com.mx\/Portal\/wp-json\/wp\/v2\/comments?post=233614"}],"version-history":[{"count":1,"href":"https:\/\/rnoticias.com.mx\/Portal\/wp-json\/wp\/v2\/posts\/233614\/revisions"}],"predecessor-version":[{"id":233616,"href":"https:\/\/rnoticias.com.mx\/Portal\/wp-json\/wp\/v2\/posts\/233614\/revisions\/233616"}],"wp:featuredmedia":[{"embeddable":true,"href":"https:\/\/rnoticias.com.mx\/Portal\/wp-json\/wp\/v2\/media\/233615"}],"wp:attachment":[{"href":"https:\/\/rnoticias.com.mx\/Portal\/wp-json\/wp\/v2\/media?parent=233614"}],"wp:term":[{"taxonomy":"category","embeddable":true,"href":"https:\/\/rnoticias.com.mx\/Portal\/wp-json\/wp\/v2\/categories?post=233614"},{"taxonomy":"post_tag","embeddable":true,"href":"https:\/\/rnoticias.com.mx\/Portal\/wp-json\/wp\/v2\/tags?post=233614"}],"curies":[{"name":"wp","href":"https:\/\/api.w.org\/{rel}","templated":true}]}}