{"id":233611,"date":"2025-10-27T09:18:38","date_gmt":"2025-10-27T16:18:38","guid":{"rendered":"https:\/\/rnoticias.com.mx\/Portal\/?p=233611"},"modified":"2025-10-27T09:18:38","modified_gmt":"2025-10-27T16:18:38","slug":"condusef-sonora-invita-a-participar-en-la-semana-nacional-de-educacion-financiera-2025","status":"publish","type":"post","link":"https:\/\/rnoticias.com.mx\/Portal\/2025\/10\/27\/condusef-sonora-invita-a-participar-en-la-semana-nacional-de-educacion-financiera-2025\/","title":{"rendered":"Condusef Sonora invita a participar en la Semana Nacional de Educaci\u00f3n Financiera 2025"},"content":{"rendered":"<p>Hermosillo, Sonora; 27 de octubre de 2025.- Con el compromiso de promover la cultura del ahorro, el uso responsable del cr\u00e9dito y el manejo eficiente de los recursos personales y familiares, Condusef Sonora invit\u00f3 a participar en las actividades que se llevar\u00e1n a cabo en el marco de la Semana Nacional de Educaci\u00f3n Financiera 2025.<\/p>\n<p>Mar\u00eda Fernanda Tapia D\u00edaz, titular de la Unidad de Atenci\u00f3n de Usuarios, inform\u00f3 que el evento ser\u00e1 completamente gratuito y tendr\u00e1 lugar del 27 al 31 de octubre en diversas instituciones educativas de Hermosillo, en donde se impartir\u00e1n conferencias por ponentes especialistas en temas como seguridad cibern\u00e9tica, Afores, finanzas y salud financiera.<\/p>\n<p>La funcionaria estatal inform\u00f3 que el lunes 27 de octubre, a las 11:00 horas, en la Universidad de Sonora (Unison) y el martes 28, a las 9:00 horas, en el auditorio del Hospital Dr. Fernando Ocranza del Issste, Leslie S\u00e1nchez Paz, especialista en Afores, presentar\u00e1 el tema \u201cAhorra e invierte hoy, disfruta tu retiro ma\u00f1ana\u201d.<\/p>\n<p>El lunes 27 a las 16:00 horas y el mi\u00e9rcoles 29 a las 11:00 horas, Jes\u00fas Gast\u00e9lum Roch\u00edn, director de la Unidad Cibern\u00e9tica de la Secretar\u00eda de Seguridad P\u00fablica (SSP), impartir\u00e1 la conferencia \u201c\u00bfC\u00f3mo evitar fraudes cibern\u00e9ticos?\u201d.<\/p>\n<p>Finalmente, coment\u00f3 que el viernes 31, a las 11:00 horas, en la Universidad Vizcaya de las Am\u00e9ricas se impartir\u00e1 el tema \u201cFinanzas sanas en un 2&#215;3\u201d, impartida por Jes\u00fas \u00c1ngel Ordu\u00f1o, gerente jur\u00eddico de Grupo Salinas.<\/p>\n<p>Tapia D\u00edaz invit\u00f3 a la ciudadan\u00eda a visitar el portal oficial de la Semana Nacional de Educaci\u00f3n Financiera, en la direcci\u00f3n eduweb.condusef.gob.mx, que estar\u00e1 disponible del 20 al 31 de octubre con material informativo y educativo al alcance de todas y todos.<\/p>\n","protected":false},"excerpt":{"rendered":"<p>Hermosillo, Sonora; 27 de octubre de 2025.- Con el compromiso de promover la cultura del ahorro, el uso responsable del cr\u00e9dito y el manejo eficiente de los recursos personales y familiares, Condusef Sonora invit\u00f3 a participar en las actividades que se llevar\u00e1n a cabo en el marco de la Semana Nacional de Educaci\u00f3n Financiera 2025. [&hellip;]<\/p>\n","protected":false},"author":2,"featured_media":233612,"comment_status":"closed","ping_status":"closed","sticky":false,"template":"","format":"standard","meta":{"footnotes":""},"categories":[12870,178],"tags":[12865,12869],"class_list":["post-233611","post","type-post","status-publish","format-standard","has-post-thumbnail","hentry","category-destacadas","category-local","tag-destacadas","tag-local"],"jetpack_featured_media_url":"https:\/\/rnoticias.com.mx\/Portal\/wp-content\/uploads\/2025\/10\/WhatsApp-Image-2025-10-24-at-22.43.42-1140x570-1.jpeg","amp_enabled":true,"_links":{"self":[{"href":"https:\/\/rnoticias.com.mx\/Portal\/wp-json\/wp\/v2\/posts\/233611","targetHints":{"allow":["GET"]}}],"collection":[{"href":"https:\/\/rnoticias.com.mx\/Portal\/wp-json\/wp\/v2\/posts"}],"about":[{"href":"https:\/\/rnoticias.com.mx\/Portal\/wp-json\/wp\/v2\/types\/post"}],"author":[{"embeddable":true,"href":"https:\/\/rnoticias.com.mx\/Portal\/wp-json\/wp\/v2\/users\/2"}],"replies":[{"embeddable":true,"href":"https:\/\/rnoticias.com.mx\/Portal\/wp-json\/wp\/v2\/comments?post=233611"}],"version-history":[{"count":1,"href":"https:\/\/rnoticias.com.mx\/Portal\/wp-json\/wp\/v2\/posts\/233611\/revisions"}],"predecessor-version":[{"id":233613,"href":"https:\/\/rnoticias.com.mx\/Portal\/wp-json\/wp\/v2\/posts\/233611\/revisions\/233613"}],"wp:featuredmedia":[{"embeddable":true,"href":"https:\/\/rnoticias.com.mx\/Portal\/wp-json\/wp\/v2\/media\/233612"}],"wp:attachment":[{"href":"https:\/\/rnoticias.com.mx\/Portal\/wp-json\/wp\/v2\/media?parent=233611"}],"wp:term":[{"taxonomy":"category","embeddable":true,"href":"https:\/\/rnoticias.com.mx\/Portal\/wp-json\/wp\/v2\/categories?post=233611"},{"taxonomy":"post_tag","embeddable":true,"href":"https:\/\/rnoticias.com.mx\/Portal\/wp-json\/wp\/v2\/tags?post=233611"}],"curies":[{"name":"wp","href":"https:\/\/api.w.org\/{rel}","templated":true}]}}