{"id":233596,"date":"2025-10-27T08:58:25","date_gmt":"2025-10-27T15:58:25","guid":{"rendered":"https:\/\/rnoticias.com.mx\/Portal\/?p=233596"},"modified":"2025-10-27T08:58:25","modified_gmt":"2025-10-27T15:58:25","slug":"sandra-itzel-es-la-segunda-eliminada-de-la-granja-vip","status":"publish","type":"post","link":"https:\/\/rnoticias.com.mx\/Portal\/2025\/10\/27\/sandra-itzel-es-la-segunda-eliminada-de-la-granja-vip\/","title":{"rendered":"Sandra Itzel es la segunda eliminada de La Granja VIP"},"content":{"rendered":"<p><strong>Sandra Itzel<\/strong>\u00a0se convirti\u00f3 este domingo en la segunda eliminada de\u00a0<strong>La Granja VIP<\/strong>, luego de estar nominada junto con\u00a0<strong>Alfredo Adame<\/strong>\u00a0y\u00a0<strong>Eleazar G\u00f3mez<\/strong>.<\/p>\n<p>Durante la\u00a0<strong>noche de eliminaci\u00f3n<\/strong>, Adame fue el primero en obtener el apoyo necesario para permanecer en el\u00a0<strong>reality<\/strong>, quedando en la nominaci\u00f3n final Sandra y Eleazar. La votaci\u00f3n no fue favorable para la cantante, quien se dirigi\u00f3 al foro para reencontrarse con su familia y compartir lo que en el programa se denomina \u201c<strong>El Legado<\/strong>\u201d.<\/p>\n<p>\u201cCreo que no estoy capacitada para enfrentarme a tanto lobo all\u00e1 adentro, me la pas\u00e9 muy bien, disfrut\u00e9 jugar, aprender&#8230; me llevo mucho aprendizaje personal, de vida, como artista y a lo que sigue. Adelante siempre\u201d, expres\u00f3.<\/p>\n<p>Itzel formaba parte del llamado \u201c<strong>grupo de los 7<\/strong>\u201d, en el que tambi\u00e9n participaba Eleazar G\u00f3mez. Previamente, G\u00f3mez le hab\u00eda prometido que no votar\u00eda en su contra ni en contra de\u00a0<strong>Kim Shantal<\/strong>, sin embargo, la promesa termin\u00f3 rompi\u00e9ndose durante la\u00a0<strong>asamblea<\/strong>\u00a0del mi\u00e9rcoles anterior.<\/p>\n<div class=\"twitter-tweet twitter-tweet-rendered\"><\/div>\n<p>&nbsp;<\/p>\n<p>Fuente: infobae<\/p>\n","protected":false},"excerpt":{"rendered":"<p>Sandra Itzel\u00a0se convirti\u00f3 este domingo en la segunda eliminada de\u00a0La Granja VIP, luego de estar nominada junto con\u00a0Alfredo Adame\u00a0y\u00a0Eleazar G\u00f3mez. Durante la\u00a0noche de eliminaci\u00f3n, Adame fue el primero en obtener el apoyo necesario para permanecer en el\u00a0reality, quedando en la nominaci\u00f3n final Sandra y Eleazar. La votaci\u00f3n no fue favorable para la cantante, quien se [&hellip;]<\/p>\n","protected":false},"author":2,"featured_media":233597,"comment_status":"closed","ping_status":"closed","sticky":false,"template":"","format":"standard","meta":{"footnotes":""},"categories":[12870,219],"tags":[12865,12875],"class_list":["post-233596","post","type-post","status-publish","format-standard","has-post-thumbnail","hentry","category-destacadas","category-espectaculos","tag-destacadas","tag-espectaculos"],"jetpack_featured_media_url":"https:\/\/rnoticias.com.mx\/Portal\/wp-content\/uploads\/2025\/10\/\u00bfQuien-es-Sandra-Itzel-segunda-eliminada-de-La-Granja-VIP.webp","amp_enabled":true,"_links":{"self":[{"href":"https:\/\/rnoticias.com.mx\/Portal\/wp-json\/wp\/v2\/posts\/233596","targetHints":{"allow":["GET"]}}],"collection":[{"href":"https:\/\/rnoticias.com.mx\/Portal\/wp-json\/wp\/v2\/posts"}],"about":[{"href":"https:\/\/rnoticias.com.mx\/Portal\/wp-json\/wp\/v2\/types\/post"}],"author":[{"embeddable":true,"href":"https:\/\/rnoticias.com.mx\/Portal\/wp-json\/wp\/v2\/users\/2"}],"replies":[{"embeddable":true,"href":"https:\/\/rnoticias.com.mx\/Portal\/wp-json\/wp\/v2\/comments?post=233596"}],"version-history":[{"count":1,"href":"https:\/\/rnoticias.com.mx\/Portal\/wp-json\/wp\/v2\/posts\/233596\/revisions"}],"predecessor-version":[{"id":233598,"href":"https:\/\/rnoticias.com.mx\/Portal\/wp-json\/wp\/v2\/posts\/233596\/revisions\/233598"}],"wp:featuredmedia":[{"embeddable":true,"href":"https:\/\/rnoticias.com.mx\/Portal\/wp-json\/wp\/v2\/media\/233597"}],"wp:attachment":[{"href":"https:\/\/rnoticias.com.mx\/Portal\/wp-json\/wp\/v2\/media?parent=233596"}],"wp:term":[{"taxonomy":"category","embeddable":true,"href":"https:\/\/rnoticias.com.mx\/Portal\/wp-json\/wp\/v2\/categories?post=233596"},{"taxonomy":"post_tag","embeddable":true,"href":"https:\/\/rnoticias.com.mx\/Portal\/wp-json\/wp\/v2\/tags?post=233596"}],"curies":[{"name":"wp","href":"https:\/\/api.w.org\/{rel}","templated":true}]}}