{"id":233578,"date":"2025-10-27T08:41:05","date_gmt":"2025-10-27T15:41:05","guid":{"rendered":"https:\/\/rnoticias.com.mx\/Portal\/?p=233578"},"modified":"2025-10-27T08:41:05","modified_gmt":"2025-10-27T15:41:05","slug":"claudia-sheinbaum-responde-a-salinas-pliego-sobre-el-adeudo-de-impuestos","status":"publish","type":"post","link":"https:\/\/rnoticias.com.mx\/Portal\/2025\/10\/27\/claudia-sheinbaum-responde-a-salinas-pliego-sobre-el-adeudo-de-impuestos\/","title":{"rendered":"Claudia Sheinbaum responde a Salinas Pliego sobre el adeudo de impuestos"},"content":{"rendered":"<p><mark><strong>La Presidenta Claudia Sheinbaum Pardo neg\u00f3 que se haya llegado a un acuerdo con Ricardo Salinas Pliego, ante el adeudo que tiene el empresario en el pago de impuestos.<\/strong><\/mark><\/p>\n<p><strong>En su conferencia ma\u00f1anera de este lunes, Sheinbaum Pardo declar\u00f3 que si el presidente de Grupo Salinas hubiera querido pagar, ya lo hubiera hecho.<\/strong><\/p>\n<p>La Mandataria federal hizo referencia a una carta que public\u00f3 Salinas Pliego,\u00a0<strong>en la que asegura que Grupo Salinas s\u00ed quiere pagar y que &#8220;es tiempo de que todo M\u00e9xico conozca la verdad&#8221;.<\/strong><\/p>\n<p>&nbsp;<\/p>\n<h2>La carta de Salinas Pliego a Sheinbaum<\/h2>\n<p><mark><strong>Grupo Salinas expuso la carta que el empresario le hizo llegar a Sheinbaum Pardo hace m\u00e1s de un a\u00f1o:<\/strong><\/mark>\u00a0&#8220;En ella, adem\u00e1s de expresarle nuestra voluntad para pagar lo que es legal y correcto, le inform\u00f3 sobre las mesas de negociaci\u00f3n que se tuvieron con la Secretar\u00eda de Gobernaci\u00f3n el sexenio pasado&#8221;.<\/p>\n<p><strong>&#8220;Public\u00f3 el Grupo Salinas en sus redes sociales una carta que nos envi\u00f3 en octubre del 2024.<\/strong>\u00a0En esa carta menciona que Arturo Medina (subsecretario de Derechos Humanos, Poblaci\u00f3n y Migraci\u00f3n de la Segob) hab\u00eda llegado a un acuerdo con ellos en la pasada administraci\u00f3n, con el presidente L\u00f3pez Obrador&#8221;.<\/p>\n<p><strong>&#8220;Le ped\u00ed a Arturo que viniera para que explicara realmente lo que ocurri\u00f3. Nunca se lleg\u00f3 a ning\u00fan acuerdo&#8221;,<\/strong>\u00a0explic\u00f3 Sheinbaum.<\/p>\n<p><mark><strong>&#8220;Si hubieran querido pagar, pues hubieran pagado desde ese momento.\u00a0<\/strong><\/mark>Con el SAT no se requiere ninguna reuni\u00f3n, con el SAT no se requiere ninguna mesa t\u00e9cnica. Sencillamente hoy pueden pagar&#8221;, dijo la Mandataria.<\/p>\n<p>Por su parte, Grisel Galeano, procuradora fiscal de la Federaci\u00f3n, refiri\u00f3 que el grupo empresarial no obtendr\u00e1 una respuesta del SAT, debido a\u00a0<strong>&#8220;la manera en que acostumbran litigar presentando recursos para frenar el cobro y alargar los procesos legales&#8221;.<\/strong><\/p>\n<p><strong>Coment\u00f3 que el SAT ha decidido esperar la resoluci\u00f3n definitiva de la Suprema Corte de Justicia de la Naci\u00f3n para darles respuesta.<\/strong><\/p>\n<p><mark><strong>&#8220;Es preciso aclarar que si es el deseo de estas empresas realizar alg\u00fan pago relacionado con estos adeudos,<\/strong><\/mark>\u00a0pueden hacerlo hoy mismo, en cualquier momento, sin restricci\u00f3n, no necesitan una reuni\u00f3n espec\u00edfica con la autoridad fiscal o cualquiera otra, ni una respuesta espec\u00edfica pueden hacerlo hoy mismo&#8221;, declar\u00f3 Galeano.<\/p>\n","protected":false},"excerpt":{"rendered":"<p>La Presidenta Claudia Sheinbaum Pardo neg\u00f3 que se haya llegado a un acuerdo con Ricardo Salinas Pliego, ante el adeudo que tiene el empresario en el pago de impuestos. En su conferencia ma\u00f1anera de este lunes, Sheinbaum Pardo declar\u00f3 que si el presidente de Grupo Salinas hubiera querido pagar, ya lo hubiera hecho. La Mandataria [&hellip;]<\/p>\n","protected":false},"author":2,"featured_media":233579,"comment_status":"closed","ping_status":"closed","sticky":false,"template":"","format":"standard","meta":{"footnotes":""},"categories":[12870,172],"tags":[12865,12874],"class_list":["post-233578","post","type-post","status-publish","format-standard","has-post-thumbnail","hentry","category-destacadas","category-nacional","tag-destacadas","tag-nacional"],"jetpack_featured_media_url":"https:\/\/rnoticias.com.mx\/Portal\/wp-content\/uploads\/2025\/10\/sheinbaum-niega-acuerdo-fiscal-con-salinas-pliego-si-quisiera-pagar-ya-lo-habria-hecho-780x470-1.webp","amp_enabled":true,"_links":{"self":[{"href":"https:\/\/rnoticias.com.mx\/Portal\/wp-json\/wp\/v2\/posts\/233578","targetHints":{"allow":["GET"]}}],"collection":[{"href":"https:\/\/rnoticias.com.mx\/Portal\/wp-json\/wp\/v2\/posts"}],"about":[{"href":"https:\/\/rnoticias.com.mx\/Portal\/wp-json\/wp\/v2\/types\/post"}],"author":[{"embeddable":true,"href":"https:\/\/rnoticias.com.mx\/Portal\/wp-json\/wp\/v2\/users\/2"}],"replies":[{"embeddable":true,"href":"https:\/\/rnoticias.com.mx\/Portal\/wp-json\/wp\/v2\/comments?post=233578"}],"version-history":[{"count":1,"href":"https:\/\/rnoticias.com.mx\/Portal\/wp-json\/wp\/v2\/posts\/233578\/revisions"}],"predecessor-version":[{"id":233580,"href":"https:\/\/rnoticias.com.mx\/Portal\/wp-json\/wp\/v2\/posts\/233578\/revisions\/233580"}],"wp:featuredmedia":[{"embeddable":true,"href":"https:\/\/rnoticias.com.mx\/Portal\/wp-json\/wp\/v2\/media\/233579"}],"wp:attachment":[{"href":"https:\/\/rnoticias.com.mx\/Portal\/wp-json\/wp\/v2\/media?parent=233578"}],"wp:term":[{"taxonomy":"category","embeddable":true,"href":"https:\/\/rnoticias.com.mx\/Portal\/wp-json\/wp\/v2\/categories?post=233578"},{"taxonomy":"post_tag","embeddable":true,"href":"https:\/\/rnoticias.com.mx\/Portal\/wp-json\/wp\/v2\/tags?post=233578"}],"curies":[{"name":"wp","href":"https:\/\/api.w.org\/{rel}","templated":true}]}}