{"id":233568,"date":"2025-10-25T14:07:07","date_gmt":"2025-10-25T21:07:07","guid":{"rendered":"https:\/\/rnoticias.com.mx\/Portal\/?p=233568"},"modified":"2025-10-25T14:07:07","modified_gmt":"2025-10-25T21:07:07","slug":"ine-e-itson-firman-convenio-para-fomentar-la-participacion-ciudadana-y-promocion-del-voto-entre-el-alumnado","status":"publish","type":"post","link":"https:\/\/rnoticias.com.mx\/Portal\/2025\/10\/25\/ine-e-itson-firman-convenio-para-fomentar-la-participacion-ciudadana-y-promocion-del-voto-entre-el-alumnado\/","title":{"rendered":"INE e ITSON firman convenio para fomentar la participaci\u00f3n ciudadana y promoci\u00f3n del voto entre el alumnado"},"content":{"rendered":"<p class=\"x_MsoNormal\"><span data-olk-copy-source=\"MessageBody\">El Instituto Nacional Electoral (INE) en Sonora en busca de establecer v\u00ednculos interinstitucionales firm\u00f3 un convenio de colaboraci\u00f3n con el Instituto Tecnol\u00f3gico de Sonora (ITSON), para desarrollar actividades en materia de educaci\u00f3n c\u00edvica y promoci\u00f3n de la participaci\u00f3n ciudadana.<\/span><\/p>\n<p class=\"x_MsoNormal\">\n<p class=\"x_MsoNormal\">La firma del convenio se llev\u00f3 a cabo en la sede del ITSON y estuvo encabezada por Ver\u00f3nica Sandoval Casta\u00f1eda, Vocal Ejecutiva de la Junta Local Ejecutiva del INE Sonora y por el Doctor Jes\u00fas H\u00e9ctor Hern\u00e1ndez L\u00f3pez, Rector del ITSON, quienes estuvieron acompa\u00f1aos por Jannet Piteros M\u00e9ndez, Vocal de capacitaci\u00f3n Electoral y Educaci\u00f3n C\u00edvica y las y los vocales de la 07 Junta Distrital Ejecutiva del INE en Sonora; y por parte del ITSON el Maestro Mauricio L\u00f3pez Acosta, Director de ITSON unidad Navojoa y la Licenciada Llydia Guadalupe Miranda Garc\u00eda Administradora de vinculaci\u00f3n, incubaci\u00f3n y servicios ITSON unidad Navojoa.<\/p>\n<p class=\"x_MsoNormal\">\n<p class=\"x_MsoNormal\">Entre los temas sustanciales, este convenio se centra en la colaboraci\u00f3n de ambas instituciones para llevar a cabo actividades de manera conjunta, particularmente en proyectos de educaci\u00f3n c\u00edvica y difusi\u00f3n de los mismos que contribuyan a la construcci\u00f3n de una ciudadan\u00eda integral basada en los valores democr\u00e1ticos, con \u00e9nfasis en lo relacionado con la promoci\u00f3n de la participaci\u00f3n ciudadana y promoci\u00f3n del voto.<\/p>\n<p class=\"x_MsoNormal\">\n<p class=\"x_MsoNormal\">Durante su intervenci\u00f3n, la Vocal Ejecutiva del INE en Sonora, Ver\u00f3nica Sandoval, reconoci\u00f3 la trayectoria del ITSON y su apoyo, inter\u00e9s y compromiso para establecer mecanismos y estrategias para la promoci\u00f3n de la participaci\u00f3n ciudadana en el dise\u00f1o, acompa\u00f1amiento y evaluaci\u00f3n de las pol\u00edticas p\u00fablicas tendientes a generar condiciones para la promoci\u00f3n del voto, as\u00ed como para favorecer la participaci\u00f3n de las y los alumnos en el sur de la entidad como funcionariado de Mesas Directivas de Casilla en Procesos Electorales Ordinarios y Extraordinarios.<\/p>\n<p class=\"x_MsoNormal\">\n<p class=\"x_MsoNormal\">Por su parte, el rector del ITSON, Jes\u00fas H\u00e9ctor Hern\u00e1ndez L\u00f3pez, mencion\u00f3 que con este convenio se generar\u00e1n espacios de reflexi\u00f3n y an\u00e1lisis en materia de promoci\u00f3n de la participaci\u00f3n ciudadana y del voto que tengan como objeto sensibilizar, informar y alentar la participaci\u00f3n estudiantil activa.<\/p>\n<p class=\"x_MsoNormal\">\n<p class=\"x_MsoNormal\">As\u00ed como tambi\u00e9n, la instituci\u00f3n educativa reconocer\u00e1 a las y los estudiantes que participen en las actividades del INE.<\/p>\n<p class=\"x_MsoNormal\"><b>\u00a0<\/b><\/p>\n","protected":false},"excerpt":{"rendered":"<p>El Instituto Nacional Electoral (INE) en Sonora en busca de establecer v\u00ednculos interinstitucionales firm\u00f3 un convenio de colaboraci\u00f3n con el Instituto Tecnol\u00f3gico de Sonora (ITSON), para desarrollar actividades en materia de educaci\u00f3n c\u00edvica y promoci\u00f3n de la participaci\u00f3n ciudadana. La firma del convenio se llev\u00f3 a cabo en la sede del ITSON y estuvo encabezada [&hellip;]<\/p>\n","protected":false},"author":2,"featured_media":233569,"comment_status":"closed","ping_status":"closed","sticky":false,"template":"","format":"standard","meta":{"footnotes":""},"categories":[12870,12868],"tags":[12865,12879],"class_list":["post-233568","post","type-post","status-publish","format-standard","has-post-thumbnail","hentry","category-destacadas","category-politica","tag-destacadas","tag-politica"],"jetpack_featured_media_url":"https:\/\/rnoticias.com.mx\/Portal\/wp-content\/uploads\/2025\/10\/Sonora-Boletin-35-Firma-Convenio-asistentes.jpg","amp_enabled":true,"_links":{"self":[{"href":"https:\/\/rnoticias.com.mx\/Portal\/wp-json\/wp\/v2\/posts\/233568","targetHints":{"allow":["GET"]}}],"collection":[{"href":"https:\/\/rnoticias.com.mx\/Portal\/wp-json\/wp\/v2\/posts"}],"about":[{"href":"https:\/\/rnoticias.com.mx\/Portal\/wp-json\/wp\/v2\/types\/post"}],"author":[{"embeddable":true,"href":"https:\/\/rnoticias.com.mx\/Portal\/wp-json\/wp\/v2\/users\/2"}],"replies":[{"embeddable":true,"href":"https:\/\/rnoticias.com.mx\/Portal\/wp-json\/wp\/v2\/comments?post=233568"}],"version-history":[{"count":1,"href":"https:\/\/rnoticias.com.mx\/Portal\/wp-json\/wp\/v2\/posts\/233568\/revisions"}],"predecessor-version":[{"id":233570,"href":"https:\/\/rnoticias.com.mx\/Portal\/wp-json\/wp\/v2\/posts\/233568\/revisions\/233570"}],"wp:featuredmedia":[{"embeddable":true,"href":"https:\/\/rnoticias.com.mx\/Portal\/wp-json\/wp\/v2\/media\/233569"}],"wp:attachment":[{"href":"https:\/\/rnoticias.com.mx\/Portal\/wp-json\/wp\/v2\/media?parent=233568"}],"wp:term":[{"taxonomy":"category","embeddable":true,"href":"https:\/\/rnoticias.com.mx\/Portal\/wp-json\/wp\/v2\/categories?post=233568"},{"taxonomy":"post_tag","embeddable":true,"href":"https:\/\/rnoticias.com.mx\/Portal\/wp-json\/wp\/v2\/tags?post=233568"}],"curies":[{"name":"wp","href":"https:\/\/api.w.org\/{rel}","templated":true}]}}