{"id":233565,"date":"2025-10-25T14:03:31","date_gmt":"2025-10-25T21:03:31","guid":{"rendered":"https:\/\/rnoticias.com.mx\/Portal\/?p=233565"},"modified":"2025-10-25T14:03:31","modified_gmt":"2025-10-25T21:03:31","slug":"encuentran-a-bebe-que-fue-robada-en-durangoesta-bajo-resguardo-hospitalario","status":"publish","type":"post","link":"https:\/\/rnoticias.com.mx\/Portal\/2025\/10\/25\/encuentran-a-bebe-que-fue-robada-en-durangoesta-bajo-resguardo-hospitalario\/","title":{"rendered":"Encuentran a beb\u00e9 que fue robada en Durango;est\u00e1 bajo resguardo hospitalario"},"content":{"rendered":"<p>De acuerdo con los primeros reportes, la menor que hab\u00eda sido sustra\u00edda del Hospital Materno Infantil de Durango,\u00a0<strong>ya fue encontrada en el fraccionamiento\u00a0Hacienda Las Flores,\u00a0<\/strong>posterior al hallazgo la trasladaron a una cl\u00ednica particular donde confirmaron que su estado de salud es estable, sin embargo, permanecer\u00e1 en observaci\u00f3n.<\/p>\n<p>La menor, de nombre Judith Alejandra, fue localizada en una\u00a0<strong>bolsa abandonada\u00a0<\/strong>en un \u00e1rea verde de la localidad.<\/p>\n<p>Tras los\u00a0<strong>hechos, el gobernador de Durango<\/strong>, Esteban Villegas, inform\u00f3 mediante una publicaci\u00f3n en la red social\u00a0<em>X,\u00a0<\/em>que la beb\u00e9 de un mes ya se encuentra con sus padres y reafirm\u00f3 su compromiso para proteger a las familias que habitan el estado.<\/p>\n<p><strong>&#8216;La prioridad en este momento es su salud y recuperaci\u00f3n. En este gobierno seguimos comprometidos con proteger lo que m\u00e1s amamos: nuestras familias&#8217;.<\/strong><\/p>\n<p>Asimismo, se ha dado a conocer que las autoridades del estado mantienen un\u00a0estricto control y<strong>\u00a0endurecimiento de las medidas de seguridad\u00a0sobre las personas que ingresan y salen de la cl\u00ednica.<\/strong><\/p>\n<p>Hasta el momento la<strong>\u00a0Fiscal\u00eda del estado no se ha pronunciado ni emitido informaci\u00f3n oficial sobre el paradero de la persona\u00a0responsable del robo de la menor.<\/strong><\/p>\n<p>&nbsp;<\/p>\n<p>Fuente: Infobae<\/p>\n","protected":false},"excerpt":{"rendered":"<p>De acuerdo con los primeros reportes, la menor que hab\u00eda sido sustra\u00edda del Hospital Materno Infantil de Durango,\u00a0ya fue encontrada en el fraccionamiento\u00a0Hacienda Las Flores,\u00a0posterior al hallazgo la trasladaron a una cl\u00ednica particular donde confirmaron que su estado de salud es estable, sin embargo, permanecer\u00e1 en observaci\u00f3n. La menor, de nombre Judith Alejandra, fue localizada [&hellip;]<\/p>\n","protected":false},"author":2,"featured_media":233566,"comment_status":"closed","ping_status":"closed","sticky":false,"template":"","format":"standard","meta":{"footnotes":""},"categories":[12870,172],"tags":[12865,12874],"class_list":["post-233565","post","type-post","status-publish","format-standard","has-post-thumbnail","hentry","category-destacadas","category-nacional","tag-destacadas","tag-nacional"],"jetpack_featured_media_url":"https:\/\/rnoticias.com.mx\/Portal\/wp-content\/uploads\/2025\/10\/proyecto-nuevo-2025-10-24t134509121-d069f938.jpg","amp_enabled":true,"_links":{"self":[{"href":"https:\/\/rnoticias.com.mx\/Portal\/wp-json\/wp\/v2\/posts\/233565","targetHints":{"allow":["GET"]}}],"collection":[{"href":"https:\/\/rnoticias.com.mx\/Portal\/wp-json\/wp\/v2\/posts"}],"about":[{"href":"https:\/\/rnoticias.com.mx\/Portal\/wp-json\/wp\/v2\/types\/post"}],"author":[{"embeddable":true,"href":"https:\/\/rnoticias.com.mx\/Portal\/wp-json\/wp\/v2\/users\/2"}],"replies":[{"embeddable":true,"href":"https:\/\/rnoticias.com.mx\/Portal\/wp-json\/wp\/v2\/comments?post=233565"}],"version-history":[{"count":1,"href":"https:\/\/rnoticias.com.mx\/Portal\/wp-json\/wp\/v2\/posts\/233565\/revisions"}],"predecessor-version":[{"id":233567,"href":"https:\/\/rnoticias.com.mx\/Portal\/wp-json\/wp\/v2\/posts\/233565\/revisions\/233567"}],"wp:featuredmedia":[{"embeddable":true,"href":"https:\/\/rnoticias.com.mx\/Portal\/wp-json\/wp\/v2\/media\/233566"}],"wp:attachment":[{"href":"https:\/\/rnoticias.com.mx\/Portal\/wp-json\/wp\/v2\/media?parent=233565"}],"wp:term":[{"taxonomy":"category","embeddable":true,"href":"https:\/\/rnoticias.com.mx\/Portal\/wp-json\/wp\/v2\/categories?post=233565"},{"taxonomy":"post_tag","embeddable":true,"href":"https:\/\/rnoticias.com.mx\/Portal\/wp-json\/wp\/v2\/tags?post=233565"}],"curies":[{"name":"wp","href":"https:\/\/api.w.org\/{rel}","templated":true}]}}