{"id":233562,"date":"2025-10-25T11:55:23","date_gmt":"2025-10-25T18:55:23","guid":{"rendered":"https:\/\/rnoticias.com.mx\/Portal\/?p=233562"},"modified":"2025-10-25T11:55:23","modified_gmt":"2025-10-25T18:55:23","slug":"gloria-trevi-le-responde-a-pati-chapoy-y-advierte-nos-veremos-en-una-corte","status":"publish","type":"post","link":"https:\/\/rnoticias.com.mx\/Portal\/2025\/10\/25\/gloria-trevi-le-responde-a-pati-chapoy-y-advierte-nos-veremos-en-una-corte\/","title":{"rendered":"Gloria Trevi le responde a Pati Chapoy y advierte: &#8216;Nos veremos en una corte&#8217;"},"content":{"rendered":"<p>Este viernes, la cantante<strong>\u00a0Gloria Trevi\u00a0<\/strong>envi\u00f3 un contundente mensaje a la periodista Pati Chapoy.\u00a0<strong>La respuesta surge luego de que la conductora de &#8216;Ventaneando&#8217; hablara sobre el pasado de la artista y la &#8216;culpa&#8217; que deber\u00eda sentir.<\/strong><\/p>\n<p>El medi\u00e1tico conflicto legal entre ambas figuras suma un nuevo cap\u00edtulo. La disputa se remonta a la cobertura que el programa de TV Azteca dio al arresto de Trevi en el a\u00f1o 2000.<\/p>\n<p>Unos d\u00edas, la conductora Pati Chapoy opin\u00f3 sobre la carrera de Trevi.\u00a0<strong>&#8216;Yo no creo [que se le hizo da\u00f1o], hay que tener muy claro que todos vivimos la repercusi\u00f3n de nuestras propias acciones&#8217;, declar\u00f3.<\/strong><\/p>\n<p>Igual la periodista a\u00f1adi\u00f3 que la cantante, pr\u00f3xima a cumplir 60 a\u00f1os,<strong>\u00a0&#8216;debe de sentir cierta culpa de todo lo que pas\u00f3&#8221;. Chapoy afirm\u00f3 que Trevi &#8220;est\u00e1 viviendo la repercusi\u00f3n de sus acciones&#8217;.<\/strong><\/p>\n<p>Tambien, Chapoy cuestion\u00f3 si la prensa hab\u00eda preguntado a Trevi sobre una nueva denuncia en su contra por parte de varias j\u00f3venes en Los \u00c1ngeles. &#8216;<strong>Yo no soy la noticia, la noticia son todas las v\u00edctimas&#8217;,<\/strong>\u00a0finaliz\u00f3.<\/p>\n<p>Gloria Trevi public\u00f3 un mensaje en sus redes sociales dirigido, sin nombrarla, a la comunicadora.\u00a0<strong>&#8216;Ya no voy a cargar con las cosas que otras personas se hicieron o causaron. Cada quien que se responsabilice, como usted, lo tiene que hacer&#8217;, escribi\u00f3.<\/strong><\/p>\n<p>La cantante le exigi\u00f3\u00a0<strong>&#8216;dar la cara&#8217; tras&#8217;15 a\u00f1os evadiendo a la corte&#8217;.<\/strong>\u00a0Trevi reconoci\u00f3 el da\u00f1o que se hizo a s\u00ed misma, pero lo separ\u00f3 del<strong>\u00a0&#8216;da\u00f1o que usted me caus\u00f3, y a mi familia&#8217;.<\/strong><\/p>\n<p><strong>&#8216;Y otra vez te perdono\u2026 pero los actos tienen consecuencias&#8217;<\/strong>, sentenci\u00f3 la artista. Trevi acus\u00f3 a Chapoy de<strong>\u00a0&#8216;edadismo&#8217;, &#8216;incitar el odio y desinformar&#8217;.<\/strong><\/p>\n<p>&nbsp;<\/p>\n<p>Fuente: DM<\/p>\n","protected":false},"excerpt":{"rendered":"<p>Este viernes, la cantante\u00a0Gloria Trevi\u00a0envi\u00f3 un contundente mensaje a la periodista Pati Chapoy.\u00a0La respuesta surge luego de que la conductora de &#8216;Ventaneando&#8217; hablara sobre el pasado de la artista y la &#8216;culpa&#8217; que deber\u00eda sentir. El medi\u00e1tico conflicto legal entre ambas figuras suma un nuevo cap\u00edtulo. La disputa se remonta a la cobertura que el [&hellip;]<\/p>\n","protected":false},"author":2,"featured_media":233563,"comment_status":"closed","ping_status":"closed","sticky":false,"template":"","format":"standard","meta":{"footnotes":""},"categories":[12870,219],"tags":[12865,12875],"class_list":["post-233562","post","type-post","status-publish","format-standard","has-post-thumbnail","hentry","category-destacadas","category-espectaculos","tag-destacadas","tag-espectaculos"],"jetpack_featured_media_url":"https:\/\/rnoticias.com.mx\/Portal\/wp-content\/uploads\/2025\/10\/descarga-10.jpeg","amp_enabled":true,"_links":{"self":[{"href":"https:\/\/rnoticias.com.mx\/Portal\/wp-json\/wp\/v2\/posts\/233562","targetHints":{"allow":["GET"]}}],"collection":[{"href":"https:\/\/rnoticias.com.mx\/Portal\/wp-json\/wp\/v2\/posts"}],"about":[{"href":"https:\/\/rnoticias.com.mx\/Portal\/wp-json\/wp\/v2\/types\/post"}],"author":[{"embeddable":true,"href":"https:\/\/rnoticias.com.mx\/Portal\/wp-json\/wp\/v2\/users\/2"}],"replies":[{"embeddable":true,"href":"https:\/\/rnoticias.com.mx\/Portal\/wp-json\/wp\/v2\/comments?post=233562"}],"version-history":[{"count":1,"href":"https:\/\/rnoticias.com.mx\/Portal\/wp-json\/wp\/v2\/posts\/233562\/revisions"}],"predecessor-version":[{"id":233564,"href":"https:\/\/rnoticias.com.mx\/Portal\/wp-json\/wp\/v2\/posts\/233562\/revisions\/233564"}],"wp:featuredmedia":[{"embeddable":true,"href":"https:\/\/rnoticias.com.mx\/Portal\/wp-json\/wp\/v2\/media\/233563"}],"wp:attachment":[{"href":"https:\/\/rnoticias.com.mx\/Portal\/wp-json\/wp\/v2\/media?parent=233562"}],"wp:term":[{"taxonomy":"category","embeddable":true,"href":"https:\/\/rnoticias.com.mx\/Portal\/wp-json\/wp\/v2\/categories?post=233562"},{"taxonomy":"post_tag","embeddable":true,"href":"https:\/\/rnoticias.com.mx\/Portal\/wp-json\/wp\/v2\/tags?post=233562"}],"curies":[{"name":"wp","href":"https:\/\/api.w.org\/{rel}","templated":true}]}}