{"id":233532,"date":"2025-10-24T21:08:44","date_gmt":"2025-10-25T04:08:44","guid":{"rendered":"https:\/\/rnoticias.com.mx\/Portal\/?p=233532"},"modified":"2025-10-24T21:08:44","modified_gmt":"2025-10-25T04:08:44","slug":"gobierno-de-sonora-instala-el-comite-del-subsistema-estatal-de-transparencia-de-sonora","status":"publish","type":"post","link":"https:\/\/rnoticias.com.mx\/Portal\/2025\/10\/24\/gobierno-de-sonora-instala-el-comite-del-subsistema-estatal-de-transparencia-de-sonora\/","title":{"rendered":"Gobierno de Sonora instala el Comit\u00e9 del Subsistema Estatal de Transparencia de Sonora"},"content":{"rendered":"<p>Hermosillo, Sonora; 24 de octubre de 2025.- Con el compromiso del gobernador Alfonso Durazo de fortalecer la rendici\u00f3n de cuentas y garantizar un acceso efectivo a la informaci\u00f3n p\u00fablica, el Gobierno de Sonora a trav\u00e9s de la Secretar\u00eda Anticorrupci\u00f3n y Buen Gobierno llev\u00f3 a cabo la instalaci\u00f3n y toma de protesta del Comit\u00e9 del Subsistema Estatal de Transparencia, derivado de nuevo marco jur\u00eddico en materia de transparencia.<\/p>\n<p>Derivado del nuevo marco jur\u00eddico en materia de transparencia, se instala este Comit\u00e9 que tiene como finalidad coordinar y fortalecer las pol\u00edticas p\u00fablicas vinculadas a la transparencia, la rendici\u00f3n de cuentas y la protecci\u00f3n de datos personales en el estado.<\/p>\n<p>Mar\u00eda Dolores del R\u00edo, secretaria Anticorrupci\u00f3n y Buen Gobierno, tom\u00f3 protesta a las y los integrantes que representar\u00e1n a los tres poderes del estado \u2014Ejecutivo, Legislativo y Judicial\u2014, a los \u00f3rganos aut\u00f3nomos: Instituto Estatal Electoral y de Participaci\u00f3n Ciudadana, Tribunal Estatal Electoral, Instituto Superior de Auditor\u00eda y Fiscalizaci\u00f3n, Comisi\u00f3n Estatal de Derechos Humanos, Tribunal de Justicia Administrativa y Fiscal\u00eda General de Justicia del Estado; as\u00ed como a las seis Regiones Municipales de Sonora.<\/p>\n<p>Aprovech\u00f3 el momento para tomar protesta en nombre del Gobernador Alfonso Durazo, al nuevo titular de Transparencia para el Pueblo de Sonora, Francisco Zavala Segura.<\/p>\n<p>Se cont\u00f3 con la participaci\u00f3n virtual de Mar\u00eda Tanivet Ramos Reyes, titular del \u00f3rgano administrativo desconcentrado &#8220;Transparencia para el Pueblo&#8221;, quien transmiti\u00f3 un saludo de la titular de la Secretar\u00eda Anticorrupci\u00f3n y Buen Gobierno Federal, Mtra. Raquel Buenrostro, y felicit\u00f3 al Estado de Sonora por ser la sexta entidad federativa en instalar el Subsistema Estatal. Destac\u00f3 el compromiso por fortalecer el derecho de acceso a la informaci\u00f3n p\u00fablica y garantizar su ejercicio pleno en la transici\u00f3n al nuevo modelo de autoridades garantes.<\/p>\n<p>La titular expres\u00f3 su reconocimiento al equipo de trabajo y reafirm\u00f3 el compromiso del Estado con una pol\u00edtica de transparencia con sentido social, orientada a fortalecer la rendici\u00f3n de cuentas, fomentar la participaci\u00f3n ciudadana y promover el uso responsable y abierto de la informaci\u00f3n p\u00fablica.<\/p>\n","protected":false},"excerpt":{"rendered":"<p>Hermosillo, Sonora; 24 de octubre de 2025.- Con el compromiso del gobernador Alfonso Durazo de fortalecer la rendici\u00f3n de cuentas y garantizar un acceso efectivo a la informaci\u00f3n p\u00fablica, el Gobierno de Sonora a trav\u00e9s de la Secretar\u00eda Anticorrupci\u00f3n y Buen Gobierno llev\u00f3 a cabo la instalaci\u00f3n y toma de protesta del Comit\u00e9 del Subsistema [&hellip;]<\/p>\n","protected":false},"author":2,"featured_media":233533,"comment_status":"closed","ping_status":"closed","sticky":false,"template":"","format":"standard","meta":{"footnotes":""},"categories":[12870,178],"tags":[12865,12869],"class_list":["post-233532","post","type-post","status-publish","format-standard","has-post-thumbnail","hentry","category-destacadas","category-local","tag-destacadas","tag-local"],"jetpack_featured_media_url":"https:\/\/rnoticias.com.mx\/Portal\/wp-content\/uploads\/2025\/10\/unnamed-77.jpg","amp_enabled":true,"_links":{"self":[{"href":"https:\/\/rnoticias.com.mx\/Portal\/wp-json\/wp\/v2\/posts\/233532","targetHints":{"allow":["GET"]}}],"collection":[{"href":"https:\/\/rnoticias.com.mx\/Portal\/wp-json\/wp\/v2\/posts"}],"about":[{"href":"https:\/\/rnoticias.com.mx\/Portal\/wp-json\/wp\/v2\/types\/post"}],"author":[{"embeddable":true,"href":"https:\/\/rnoticias.com.mx\/Portal\/wp-json\/wp\/v2\/users\/2"}],"replies":[{"embeddable":true,"href":"https:\/\/rnoticias.com.mx\/Portal\/wp-json\/wp\/v2\/comments?post=233532"}],"version-history":[{"count":1,"href":"https:\/\/rnoticias.com.mx\/Portal\/wp-json\/wp\/v2\/posts\/233532\/revisions"}],"predecessor-version":[{"id":233534,"href":"https:\/\/rnoticias.com.mx\/Portal\/wp-json\/wp\/v2\/posts\/233532\/revisions\/233534"}],"wp:featuredmedia":[{"embeddable":true,"href":"https:\/\/rnoticias.com.mx\/Portal\/wp-json\/wp\/v2\/media\/233533"}],"wp:attachment":[{"href":"https:\/\/rnoticias.com.mx\/Portal\/wp-json\/wp\/v2\/media?parent=233532"}],"wp:term":[{"taxonomy":"category","embeddable":true,"href":"https:\/\/rnoticias.com.mx\/Portal\/wp-json\/wp\/v2\/categories?post=233532"},{"taxonomy":"post_tag","embeddable":true,"href":"https:\/\/rnoticias.com.mx\/Portal\/wp-json\/wp\/v2\/tags?post=233532"}],"curies":[{"name":"wp","href":"https:\/\/api.w.org\/{rel}","templated":true}]}}