{"id":233510,"date":"2025-10-24T18:21:54","date_gmt":"2025-10-25T01:21:54","guid":{"rendered":"https:\/\/rnoticias.com.mx\/Portal\/?p=233510"},"modified":"2025-10-24T18:38:36","modified_gmt":"2025-10-25T01:38:36","slug":"conservan-la-tradicion-del-dia-de-muertos-en-la-comunidad-mayo","status":"publish","type":"post","link":"https:\/\/rnoticias.com.mx\/Portal\/2025\/10\/24\/conservan-la-tradicion-del-dia-de-muertos-en-la-comunidad-mayo\/","title":{"rendered":"Conservan la tradici\u00f3n del D\u00eda de Muertos en la comunidad Mayo"},"content":{"rendered":"<p>Para la comunidad Mayo, el D\u00eda de Muertos es una de las celebraciones m\u00e1s importantes del a\u00f1o, llena de simbolismo, fe y respeto hacia los ancestros, expres\u00f3 Emilia Buitimea Yocupicio, escritora e integrante de la etnia Mayo.<\/p>\n<p>&nbsp;<\/p>\n<p>Explic\u00f3 que aunque la festividad se conmemora oficialmente el 1 y 2 de noviembre, en las comunidades mayos las actividades inician desde el 24 de octubre, con la preparaci\u00f3n de los tapancos para sus fieles difuntos.<\/p>\n<p>&nbsp;<\/p>\n<p>\u201c\u00bfQu\u00e9 es un tapanco? Pues es una ofrenda, tal vez ustedes ya hayan visto que son la ofrenda alta, que debe de venir m\u00e1s de dos metros,\u00a0porque la creencia de nosotros es que las almas no pueden llegar a la tierra, sino que a una determinada altura, y en este tapanco, dise\u00f1ado por Carrizo y horcones de Mezquite, ah\u00ed es donde se pone la ofrenda de lo que m\u00e1s le gustaba en vida al difunto\u201d, detall\u00f3.<\/p>\n<p>&nbsp;<\/p>\n<p>Detall\u00f3 que posteriormente, las personas en esa comunidad, realizan rezos dominicales hasta llegar al 1 de noviembre, cuando acuden al pante\u00f3n local para reunirse en la Cruz del Perd\u00f3n, donde se ora por las almas olvidadas y se leen los nombres de los fieles difuntos registrados en el Vales, un libro tradicional de las comunidades.<\/p>\n<p>&nbsp;<\/p>\n<p>Luego, durante la noche, las familias velan a sus seres queridos con flores naturales, coronas de papel y veladoras, mostrando una profunda devoci\u00f3n.<\/p>\n<p>&nbsp;<\/p>\n<p>Finalmente, Buitimea Yocupicio se\u00f1al\u00f3 que, aunque los yaquis y mayos comparten rezos similares, cada etnia conserva sus propias costumbres; pero los mayos mantienen una pr\u00e1ctica m\u00e1s flexible, cargada de fe y tradici\u00f3n.<\/p>\n","protected":false},"excerpt":{"rendered":"<p>Para la comunidad Mayo, el D\u00eda de Muertos es una de las celebraciones m\u00e1s importantes del a\u00f1o, llena de simbolismo, fe y respeto hacia los ancestros, expres\u00f3 Emilia Buitimea Yocupicio, escritora e integrante de la etnia Mayo. &nbsp; Explic\u00f3 que aunque la festividad se conmemora oficialmente el 1 y 2 de noviembre, en las comunidades [&hellip;]<\/p>\n","protected":false},"author":2,"featured_media":233511,"comment_status":"closed","ping_status":"closed","sticky":false,"template":"","format":"standard","meta":{"footnotes":""},"categories":[12870,174],"tags":[12865,12873],"class_list":["post-233510","post","type-post","status-publish","format-standard","has-post-thumbnail","hentry","category-destacadas","category-estatal","tag-destacadas","tag-estatal"],"jetpack_featured_media_url":"https:\/\/rnoticias.com.mx\/Portal\/wp-content\/uploads\/2025\/10\/149020-33907.jpg","amp_enabled":true,"_links":{"self":[{"href":"https:\/\/rnoticias.com.mx\/Portal\/wp-json\/wp\/v2\/posts\/233510","targetHints":{"allow":["GET"]}}],"collection":[{"href":"https:\/\/rnoticias.com.mx\/Portal\/wp-json\/wp\/v2\/posts"}],"about":[{"href":"https:\/\/rnoticias.com.mx\/Portal\/wp-json\/wp\/v2\/types\/post"}],"author":[{"embeddable":true,"href":"https:\/\/rnoticias.com.mx\/Portal\/wp-json\/wp\/v2\/users\/2"}],"replies":[{"embeddable":true,"href":"https:\/\/rnoticias.com.mx\/Portal\/wp-json\/wp\/v2\/comments?post=233510"}],"version-history":[{"count":1,"href":"https:\/\/rnoticias.com.mx\/Portal\/wp-json\/wp\/v2\/posts\/233510\/revisions"}],"predecessor-version":[{"id":233512,"href":"https:\/\/rnoticias.com.mx\/Portal\/wp-json\/wp\/v2\/posts\/233510\/revisions\/233512"}],"wp:featuredmedia":[{"embeddable":true,"href":"https:\/\/rnoticias.com.mx\/Portal\/wp-json\/wp\/v2\/media\/233511"}],"wp:attachment":[{"href":"https:\/\/rnoticias.com.mx\/Portal\/wp-json\/wp\/v2\/media?parent=233510"}],"wp:term":[{"taxonomy":"category","embeddable":true,"href":"https:\/\/rnoticias.com.mx\/Portal\/wp-json\/wp\/v2\/categories?post=233510"},{"taxonomy":"post_tag","embeddable":true,"href":"https:\/\/rnoticias.com.mx\/Portal\/wp-json\/wp\/v2\/tags?post=233510"}],"curies":[{"name":"wp","href":"https:\/\/api.w.org\/{rel}","templated":true}]}}