{"id":233507,"date":"2025-10-24T18:20:15","date_gmt":"2025-10-25T01:20:15","guid":{"rendered":"https:\/\/rnoticias.com.mx\/Portal\/?p=233507"},"modified":"2025-10-24T18:20:15","modified_gmt":"2025-10-25T01:20:15","slug":"prevaleceran-amaneceres-frescos-y-clima-estable-durante-el-fin-de-semana-en-sonora","status":"publish","type":"post","link":"https:\/\/rnoticias.com.mx\/Portal\/2025\/10\/24\/prevaleceran-amaneceres-frescos-y-clima-estable-durante-el-fin-de-semana-en-sonora\/","title":{"rendered":"Prevalecer\u00e1n amaneceres frescos y clima estable durante el fin de semana en Sonora"},"content":{"rendered":"<p>El estado de Sonora registrar\u00e1 condiciones clim\u00e1ticas estables durante el fin de semana, con amaneceres frescos y bajas probabilidades de lluvia, inform\u00f3 Gilberto Lagarda V\u00e1zquez, especialista t\u00e9cnico de la Comisi\u00f3n Nacional del Agua (Conagua).<\/p>\n<p>&nbsp;<\/p>\n<p>El especialista detall\u00f3 que las temperaturas m\u00ednimas oscilar\u00e1n entre los 3 y 10 grados cent\u00edgrados en las zonas del norte y oriente de la entidad, mientras que las m\u00e1ximas se ubicar\u00e1n alrededor de los 35 grados, principalmente en la regi\u00f3n centro, sur y noroeste del estado.<\/p>\n<p>&nbsp;<\/p>\n<p>\u201cPara para estos d\u00edas la posibilidad de lluvia va a ser muy, muy baja, el d\u00eda de hoy viernes solamente hay un 20 por ciento de posibilidad de lloviznas o lluvias ligeras para la parte oriente de Sonora. S\u00e1bado y domingo pr\u00e1cticamente sin posibilidad de lluvia para el estado,\u00a0as\u00ed que as\u00ed viene con condiciones secas como normalmente octubre no es muy llovedor\u201d, asegur\u00f3.<\/p>\n<p>&nbsp;<\/p>\n<p>Agreg\u00f3 que las condiciones secas continuar\u00e1n predominando, lo que es caracter\u00edstico de la temporada, y que para el inicio de la pr\u00f3xima semana se mantendr\u00e1n los amaneceres frescos, aunque las temperaturas m\u00e1ximas podr\u00edan acercarse nuevamente a los 40 grados cent\u00edgrados en algunas regiones.<\/p>\n","protected":false},"excerpt":{"rendered":"<p>El estado de Sonora registrar\u00e1 condiciones clim\u00e1ticas estables durante el fin de semana, con amaneceres frescos y bajas probabilidades de lluvia, inform\u00f3 Gilberto Lagarda V\u00e1zquez, especialista t\u00e9cnico de la Comisi\u00f3n Nacional del Agua (Conagua). &nbsp; El especialista detall\u00f3 que las temperaturas m\u00ednimas oscilar\u00e1n entre los 3 y 10 grados cent\u00edgrados en las zonas del norte [&hellip;]<\/p>\n","protected":false},"author":2,"featured_media":233508,"comment_status":"closed","ping_status":"closed","sticky":false,"template":"","format":"standard","meta":{"footnotes":""},"categories":[12870,174],"tags":[12865,12873],"class_list":["post-233507","post","type-post","status-publish","format-standard","has-post-thumbnail","hentry","category-destacadas","category-estatal","tag-destacadas","tag-estatal"],"jetpack_featured_media_url":"https:\/\/rnoticias.com.mx\/Portal\/wp-content\/uploads\/2025\/10\/MSPDGXUEJZG75OZWML5J5S2YNI.jpg","amp_enabled":true,"_links":{"self":[{"href":"https:\/\/rnoticias.com.mx\/Portal\/wp-json\/wp\/v2\/posts\/233507","targetHints":{"allow":["GET"]}}],"collection":[{"href":"https:\/\/rnoticias.com.mx\/Portal\/wp-json\/wp\/v2\/posts"}],"about":[{"href":"https:\/\/rnoticias.com.mx\/Portal\/wp-json\/wp\/v2\/types\/post"}],"author":[{"embeddable":true,"href":"https:\/\/rnoticias.com.mx\/Portal\/wp-json\/wp\/v2\/users\/2"}],"replies":[{"embeddable":true,"href":"https:\/\/rnoticias.com.mx\/Portal\/wp-json\/wp\/v2\/comments?post=233507"}],"version-history":[{"count":1,"href":"https:\/\/rnoticias.com.mx\/Portal\/wp-json\/wp\/v2\/posts\/233507\/revisions"}],"predecessor-version":[{"id":233509,"href":"https:\/\/rnoticias.com.mx\/Portal\/wp-json\/wp\/v2\/posts\/233507\/revisions\/233509"}],"wp:featuredmedia":[{"embeddable":true,"href":"https:\/\/rnoticias.com.mx\/Portal\/wp-json\/wp\/v2\/media\/233508"}],"wp:attachment":[{"href":"https:\/\/rnoticias.com.mx\/Portal\/wp-json\/wp\/v2\/media?parent=233507"}],"wp:term":[{"taxonomy":"category","embeddable":true,"href":"https:\/\/rnoticias.com.mx\/Portal\/wp-json\/wp\/v2\/categories?post=233507"},{"taxonomy":"post_tag","embeddable":true,"href":"https:\/\/rnoticias.com.mx\/Portal\/wp-json\/wp\/v2\/tags?post=233507"}],"curies":[{"name":"wp","href":"https:\/\/api.w.org\/{rel}","templated":true}]}}