{"id":233483,"date":"2025-10-24T16:03:34","date_gmt":"2025-10-24T23:03:34","guid":{"rendered":"https:\/\/rnoticias.com.mx\/Portal\/?p=233483"},"modified":"2025-10-24T16:03:34","modified_gmt":"2025-10-24T23:03:34","slug":"abordara-valeria-de-la-torre-importancia-de-las-redes-de-apoyo-en-el-congreso-de-la-familia","status":"publish","type":"post","link":"https:\/\/rnoticias.com.mx\/Portal\/2025\/10\/24\/abordara-valeria-de-la-torre-importancia-de-las-redes-de-apoyo-en-el-congreso-de-la-familia\/","title":{"rendered":"Abordar\u00e1 Valeria de la Torre importancia de las redes de apoyo en el Congreso de la Familia"},"content":{"rendered":"<p><b data-olk-copy-source=\"MessageBody\">Hermosillo, Sonora; 24 de octubre de 2025.-\u00a0<\/b>Asistentes al Tercer Congreso de la Familia que el Gobierno Municipal impulsa a trav\u00e9s de DIF Hermosillo, tendr\u00e1n la oportunidad de escuchar el testimonio de Valeria de la Torre, quien compartir\u00e1 su historia de vida y su conferencia \u201cLa importancia de las Redes de Apoyo ante la Adversidad\u201d.<\/p>\n<p>Como parte del programa de este encuentro promovido por el Presidente Municipal Antonio Astiazar\u00e1n y su esposa Patricia Ruibal, Presidenta de DIF Hermosillo, la charla busca invitar al p\u00fablico a reflexionar sobre el valor de las conexiones humanas y la fortaleza colectiva frente a los retos personales.<\/p>\n<p>Conocida tambi\u00e9n como \u201cVal\u201d, la conferencista vivi\u00f3 un accidente que deriv\u00f3 en la amputaci\u00f3n de sus piernas, experiencia que transform\u00f3 en un mensaje de resiliencia, empat\u00eda y superaci\u00f3n, convirti\u00e9ndose en un referente inspirador para muchas personas.<\/p>\n<p>A trav\u00e9s de su ponencia, De la Torre busca motivar a las y los asistentes a replantear su manera de enfrentar las dificultades cotidianas y valorar la importancia de contar con redes de apoyo s\u00f3lidas.<\/p>\n<p>El Tercer Congreso de la Familia se llevar\u00e1 a cabo en Villa Toscana y contar\u00e1 tambi\u00e9n con la participaci\u00f3n de reconocidos ponentes como Oso Trava, B\u00e1rbara Anderson, Natalia P\u00e9rez y Pablo Fletcher.<\/p>\n","protected":false},"excerpt":{"rendered":"<p>Hermosillo, Sonora; 24 de octubre de 2025.-\u00a0Asistentes al Tercer Congreso de la Familia que el Gobierno Municipal impulsa a trav\u00e9s de DIF Hermosillo, tendr\u00e1n la oportunidad de escuchar el testimonio de Valeria de la Torre, quien compartir\u00e1 su historia de vida y su conferencia \u201cLa importancia de las Redes de Apoyo ante la Adversidad\u201d. Como [&hellip;]<\/p>\n","protected":false},"author":2,"featured_media":233484,"comment_status":"closed","ping_status":"closed","sticky":false,"template":"","format":"standard","meta":{"footnotes":""},"categories":[12870,178],"tags":[12865,12869],"class_list":["post-233483","post","type-post","status-publish","format-standard","has-post-thumbnail","hentry","category-destacadas","category-local","tag-destacadas","tag-local"],"jetpack_featured_media_url":"https:\/\/rnoticias.com.mx\/Portal\/wp-content\/uploads\/2025\/10\/Abordara-Valeria-de-la-Torre-importancia-de-las-redes-de-apoyo-en-el-Congreso-de-la-Familia.jpeg","amp_enabled":true,"_links":{"self":[{"href":"https:\/\/rnoticias.com.mx\/Portal\/wp-json\/wp\/v2\/posts\/233483","targetHints":{"allow":["GET"]}}],"collection":[{"href":"https:\/\/rnoticias.com.mx\/Portal\/wp-json\/wp\/v2\/posts"}],"about":[{"href":"https:\/\/rnoticias.com.mx\/Portal\/wp-json\/wp\/v2\/types\/post"}],"author":[{"embeddable":true,"href":"https:\/\/rnoticias.com.mx\/Portal\/wp-json\/wp\/v2\/users\/2"}],"replies":[{"embeddable":true,"href":"https:\/\/rnoticias.com.mx\/Portal\/wp-json\/wp\/v2\/comments?post=233483"}],"version-history":[{"count":1,"href":"https:\/\/rnoticias.com.mx\/Portal\/wp-json\/wp\/v2\/posts\/233483\/revisions"}],"predecessor-version":[{"id":233485,"href":"https:\/\/rnoticias.com.mx\/Portal\/wp-json\/wp\/v2\/posts\/233483\/revisions\/233485"}],"wp:featuredmedia":[{"embeddable":true,"href":"https:\/\/rnoticias.com.mx\/Portal\/wp-json\/wp\/v2\/media\/233484"}],"wp:attachment":[{"href":"https:\/\/rnoticias.com.mx\/Portal\/wp-json\/wp\/v2\/media?parent=233483"}],"wp:term":[{"taxonomy":"category","embeddable":true,"href":"https:\/\/rnoticias.com.mx\/Portal\/wp-json\/wp\/v2\/categories?post=233483"},{"taxonomy":"post_tag","embeddable":true,"href":"https:\/\/rnoticias.com.mx\/Portal\/wp-json\/wp\/v2\/tags?post=233483"}],"curies":[{"name":"wp","href":"https:\/\/api.w.org\/{rel}","templated":true}]}}