{"id":233474,"date":"2025-10-24T15:23:14","date_gmt":"2025-10-24T22:23:14","guid":{"rendered":"https:\/\/rnoticias.com.mx\/Portal\/?p=233474"},"modified":"2025-10-24T15:23:14","modified_gmt":"2025-10-24T22:23:14","slug":"roban-a-bebe-de-hospital-infantil-de-durango-difunden-retrato-de-mujer-responsable","status":"publish","type":"post","link":"https:\/\/rnoticias.com.mx\/Portal\/2025\/10\/24\/roban-a-bebe-de-hospital-infantil-de-durango-difunden-retrato-de-mujer-responsable\/","title":{"rendered":"Rob\u00e1n a beb\u00e9 de Hospital Infantil de Durango; difunden retrato de mujer responsable"},"content":{"rendered":"<p>Autoridades estatales mantienen un operativo de b\u00fasqueda tras la sustracci\u00f3n de una beb\u00e9 de apenas un mes de nacida del\u00a0<strong>Hospital Materno Infantil de Durango<\/strong>, ubicado en la zona Centro de la capital.<\/p>\n<p>De acuerdo con la\u00a0<strong>Fiscal\u00eda General del Estado (FGE)<\/strong>, una mujer que portaba un\u00a0<strong>uniforme m\u00e9dico<\/strong>\u00a0habr\u00eda sacado a la menor del nosocomio durante la ma\u00f1ana de este jueves. Ante el hecho, se activ\u00f3 la\u00a0<strong>Alerta Amber<\/strong>\u00a0para localizar a la peque\u00f1a, identificada como\u00a0<strong>Judith Alejandra Rivas<\/strong>.<\/p>\n<p>Seg\u00fan el reporte oficial, la beb\u00e9 mide\u00a0<strong>55 cent\u00edmetros<\/strong>, tiene\u00a0<strong>tez morena clara<\/strong>,\u00a0<strong>cara redonda<\/strong>,\u00a0<strong>cabello lacio negro y abundante<\/strong>,\u00a0<strong>cejas semipobladas<\/strong>,\u00a0<strong>ojos caf\u00e9s rasgados<\/strong>,\u00a0<strong>nariz ancha<\/strong>,\u00a0<strong>boca mediana<\/strong>\u00a0y\u00a0<strong>labios regulares<\/strong>.<\/p>\n<p>Las autoridades tambi\u00e9n difundieron los\u00a0<strong>retratos hablados<\/strong>\u00a0de la presunta responsable, quien fue descrita como una mujer de\u00a0<strong>35 a 45 a\u00f1os de edad<\/strong>, de\u00a0<strong>complexi\u00f3n mediana<\/strong>,\u00a0<strong>tez morena<\/strong>, aproximadamente\u00a0<strong>1.58 metros de estatura<\/strong>, con\u00a0<strong>cara ovalada<\/strong>,\u00a0<strong>cabello negro lacio<\/strong>,\u00a0<strong>cejas delineadas<\/strong>\u00a0y\u00a0<strong>ojos grandes color caf\u00e9<\/strong>.<\/p>\n<p>Como se\u00f1as particulares, la Fiscal\u00eda detall\u00f3 que la mujer presenta\u00a0<strong>marcas de acn\u00e9 en el rostro<\/strong>,\u00a0<strong>dientes frontales torcidos<\/strong>\u00a0y vest\u00eda una\u00a0<strong>filipina<\/strong>\u00a0al momento de los hechos, lo que le habr\u00eda permitido pasar inadvertida entre el personal m\u00e9dico.<\/p>\n<p>La FGE exhort\u00f3 a la poblaci\u00f3n a comunicarse al\u00a0<strong>tel\u00e9fono 618 137 37 30<\/strong>\u00a0en caso de contar con informaci\u00f3n que ayude a localizar a la beb\u00e9 o identificar a la responsable.<\/p>\n<p>El caso ha generado gran preocupaci\u00f3n entre familiares, personal del hospital y habitantes de la capital duranguense, quienes se han sumado a la difusi\u00f3n de la alerta en redes sociales con la esperanza de que Judith Alejandra sea encontrada sana y salva.<\/p>\n<p>Con informaci\u00f3n de L\u00f3pez-D\u00f3riga Digital<\/p>\n","protected":false},"excerpt":{"rendered":"<p>Autoridades estatales mantienen un operativo de b\u00fasqueda tras la sustracci\u00f3n de una beb\u00e9 de apenas un mes de nacida del\u00a0Hospital Materno Infantil de Durango, ubicado en la zona Centro de la capital. De acuerdo con la\u00a0Fiscal\u00eda General del Estado (FGE), una mujer que portaba un\u00a0uniforme m\u00e9dico\u00a0habr\u00eda sacado a la menor del nosocomio durante la ma\u00f1ana [&hellip;]<\/p>\n","protected":false},"author":2,"featured_media":233475,"comment_status":"closed","ping_status":"closed","sticky":false,"template":"","format":"standard","meta":{"footnotes":""},"categories":[12870,172],"tags":[12865,12874],"class_list":["post-233474","post","type-post","status-publish","format-standard","has-post-thumbnail","hentry","category-destacadas","category-nacional","tag-destacadas","tag-nacional"],"jetpack_featured_media_url":"https:\/\/rnoticias.com.mx\/Portal\/wp-content\/uploads\/2025\/10\/diseno-sin-titulo-9-74a1d8af-focus-0-0-1479-828.webp","amp_enabled":true,"_links":{"self":[{"href":"https:\/\/rnoticias.com.mx\/Portal\/wp-json\/wp\/v2\/posts\/233474","targetHints":{"allow":["GET"]}}],"collection":[{"href":"https:\/\/rnoticias.com.mx\/Portal\/wp-json\/wp\/v2\/posts"}],"about":[{"href":"https:\/\/rnoticias.com.mx\/Portal\/wp-json\/wp\/v2\/types\/post"}],"author":[{"embeddable":true,"href":"https:\/\/rnoticias.com.mx\/Portal\/wp-json\/wp\/v2\/users\/2"}],"replies":[{"embeddable":true,"href":"https:\/\/rnoticias.com.mx\/Portal\/wp-json\/wp\/v2\/comments?post=233474"}],"version-history":[{"count":1,"href":"https:\/\/rnoticias.com.mx\/Portal\/wp-json\/wp\/v2\/posts\/233474\/revisions"}],"predecessor-version":[{"id":233476,"href":"https:\/\/rnoticias.com.mx\/Portal\/wp-json\/wp\/v2\/posts\/233474\/revisions\/233476"}],"wp:featuredmedia":[{"embeddable":true,"href":"https:\/\/rnoticias.com.mx\/Portal\/wp-json\/wp\/v2\/media\/233475"}],"wp:attachment":[{"href":"https:\/\/rnoticias.com.mx\/Portal\/wp-json\/wp\/v2\/media?parent=233474"}],"wp:term":[{"taxonomy":"category","embeddable":true,"href":"https:\/\/rnoticias.com.mx\/Portal\/wp-json\/wp\/v2\/categories?post=233474"},{"taxonomy":"post_tag","embeddable":true,"href":"https:\/\/rnoticias.com.mx\/Portal\/wp-json\/wp\/v2\/tags?post=233474"}],"curies":[{"name":"wp","href":"https:\/\/api.w.org\/{rel}","templated":true}]}}