{"id":233467,"date":"2025-10-24T12:33:28","date_gmt":"2025-10-24T19:33:28","guid":{"rendered":"https:\/\/rnoticias.com.mx\/Portal\/?p=233467"},"modified":"2025-10-24T12:33:28","modified_gmt":"2025-10-24T19:33:28","slug":"impulsa-gobierno-de-sonora-talento-y-vinculacion-educativa-a-traves-de-la-feria-estatal-emprende-tu-vuelo-conalep","status":"publish","type":"post","link":"https:\/\/rnoticias.com.mx\/Portal\/2025\/10\/24\/impulsa-gobierno-de-sonora-talento-y-vinculacion-educativa-a-traves-de-la-feria-estatal-emprende-tu-vuelo-conalep\/","title":{"rendered":"Impulsa Gobierno de Sonora talento y vinculaci\u00f3n educativa a trav\u00e9s de la feria estatal \u201cEmprende tu vuelo\u201d: Conalep"},"content":{"rendered":"<p>Hermosillo, Sonora; 24 de octubre de 2025.- Como parte del fortalecimiento de la relaci\u00f3n entre el sector productivo, empresarial y social con la comunidad educativa, el Gobierno de Sonora, a trav\u00e9s del Colegio de Educaci\u00f3n Profesional T\u00e9cnica del Estado de Sonora (Conalep) llevar\u00e1 a cabo la feria estatal \u201cEmprende tu vuelo\u201d el pr\u00f3ximo martes 28 de octubre.<\/p>\n<p>Para la realizaci\u00f3n de \u201cEmprende tu vuelo\u201d, un evento simult\u00e1neo en todos los planteles del subsistema, se convoc\u00f3 a empresas, instituciones p\u00fablicas y organizaciones sociales a participar como aliados estrat\u00e9gicos, sumando esfuerzos, ofreciendo espacios de servicio social y pr\u00e1cticas profesionales o vacantes y compartiendo experiencias con los j\u00f3venes que se preparan para integrarse al mundo laboral.<\/p>\n<p>La directora general de Conalep, Luisa Cristina Rodr\u00edguez Ibarra, invit\u00f3 a las empresas, organismos y dependencias a formar parte de esta jornada de vinculaci\u00f3n estatal, sum\u00e1ndose como aliados del desarrollo educativo y productivo de Sonora, y contribuyendo al fortalecimiento del talento t\u00e9cnico que impulsa el crecimiento del estado.<\/p>\n<p>El evento forma parte de las acciones promovidas por el gobernador Alfonso Durazo para fortalecer el desarrollo del talento t\u00e9cnico sonorense y la vinculaci\u00f3n con el sector productivo, fomentando el crecimiento econ\u00f3mico sustentable y el desarrollo del talento local.<\/p>\n<p>Con esta feria, Conalep Sonora reafirma su compromiso con la formaci\u00f3n de j\u00f3venes preparados, innovadores y comprometidos con el futuro de la entidad.<\/p>\n<p>*\u00bfC\u00f3mo participar?*<\/p>\n<p>\u2022 Contacta al plantel Conalep m\u00e1s cercano o comun\u00edcate al (662) 289 3750 ext. 1019 para m\u00e1s informaci\u00f3n.<\/p>\n<p>\u2022 Instala un stand informativo y comparte lo que tu empresa o instituci\u00f3n ofrece.<\/p>\n<p>\u2022 Ofrece vacantes o espacios de Servicio Social y Pr\u00e1cticas Profesionales.<\/p>\n<p>\u2022 Conecta con el talento t\u00e9cnico de Sonora y fortalece tu red de vinculaci\u00f3n.<\/p>\n","protected":false},"excerpt":{"rendered":"<p>Hermosillo, Sonora; 24 de octubre de 2025.- Como parte del fortalecimiento de la relaci\u00f3n entre el sector productivo, empresarial y social con la comunidad educativa, el Gobierno de Sonora, a trav\u00e9s del Colegio de Educaci\u00f3n Profesional T\u00e9cnica del Estado de Sonora (Conalep) llevar\u00e1 a cabo la feria estatal \u201cEmprende tu vuelo\u201d el pr\u00f3ximo martes 28 [&hellip;]<\/p>\n","protected":false},"author":2,"featured_media":233468,"comment_status":"closed","ping_status":"closed","sticky":false,"template":"","format":"standard","meta":{"footnotes":""},"categories":[12870,178],"tags":[12865,12869],"class_list":["post-233467","post","type-post","status-publish","format-standard","has-post-thumbnail","hentry","category-destacadas","category-local","tag-destacadas","tag-local"],"jetpack_featured_media_url":"https:\/\/rnoticias.com.mx\/Portal\/wp-content\/uploads\/2025\/10\/6543.jpg","amp_enabled":true,"_links":{"self":[{"href":"https:\/\/rnoticias.com.mx\/Portal\/wp-json\/wp\/v2\/posts\/233467","targetHints":{"allow":["GET"]}}],"collection":[{"href":"https:\/\/rnoticias.com.mx\/Portal\/wp-json\/wp\/v2\/posts"}],"about":[{"href":"https:\/\/rnoticias.com.mx\/Portal\/wp-json\/wp\/v2\/types\/post"}],"author":[{"embeddable":true,"href":"https:\/\/rnoticias.com.mx\/Portal\/wp-json\/wp\/v2\/users\/2"}],"replies":[{"embeddable":true,"href":"https:\/\/rnoticias.com.mx\/Portal\/wp-json\/wp\/v2\/comments?post=233467"}],"version-history":[{"count":1,"href":"https:\/\/rnoticias.com.mx\/Portal\/wp-json\/wp\/v2\/posts\/233467\/revisions"}],"predecessor-version":[{"id":233469,"href":"https:\/\/rnoticias.com.mx\/Portal\/wp-json\/wp\/v2\/posts\/233467\/revisions\/233469"}],"wp:featuredmedia":[{"embeddable":true,"href":"https:\/\/rnoticias.com.mx\/Portal\/wp-json\/wp\/v2\/media\/233468"}],"wp:attachment":[{"href":"https:\/\/rnoticias.com.mx\/Portal\/wp-json\/wp\/v2\/media?parent=233467"}],"wp:term":[{"taxonomy":"category","embeddable":true,"href":"https:\/\/rnoticias.com.mx\/Portal\/wp-json\/wp\/v2\/categories?post=233467"},{"taxonomy":"post_tag","embeddable":true,"href":"https:\/\/rnoticias.com.mx\/Portal\/wp-json\/wp\/v2\/tags?post=233467"}],"curies":[{"name":"wp","href":"https:\/\/api.w.org\/{rel}","templated":true}]}}