{"id":233461,"date":"2025-10-24T12:31:53","date_gmt":"2025-10-24T19:31:53","guid":{"rendered":"https:\/\/rnoticias.com.mx\/Portal\/?p=233461"},"modified":"2025-10-24T12:31:53","modified_gmt":"2025-10-24T19:31:53","slug":"realiza-gobierno-de-sonora-foro-de-orientacion-y-conocimiento-universitario","status":"publish","type":"post","link":"https:\/\/rnoticias.com.mx\/Portal\/2025\/10\/24\/realiza-gobierno-de-sonora-foro-de-orientacion-y-conocimiento-universitario\/","title":{"rendered":"Realiza Gobierno de Sonora Foro de Orientaci\u00f3n y Conocimiento Universitario"},"content":{"rendered":"<p>Hermosillo, Sonora; 24 de octubre de 2025.- Con la participaci\u00f3n de cerca de 40 instituciones de educaci\u00f3n superior, p\u00fablicas y particulares, as\u00ed como la asistencia de estudiantes de diversas preparatorias, se realiz\u00f3 con \u00e9xito el Foro de Orientaci\u00f3n y Conocimiento Universitario de Sonora (Focuson).<\/p>\n<p>La actividad, organizada por el Gobierno de Sonora a trav\u00e9s de la Secretar\u00eda de Educaci\u00f3n y Cultura (SEC) se llev\u00f3 a cabo con el objetivo de impulsar y promover la oferta educativa del tipo superior en la entidad para que los j\u00f3venes que egresar\u00e1n de bachillerato el pr\u00f3ximo a\u00f1o cuenten con informaci\u00f3n sobre sus opciones acad\u00e9micas.<\/p>\n<p>El titular de la SEC, Froyl\u00e1n G\u00e1mez Gamboa, acompa\u00f1ado del secretario de Gobierno, Adolfo Salazar Razo, supervis\u00f3 las actividades programadas como la exposici\u00f3n de experiencias exitosas por parte de estudiantes y\/o egresados, con el objetivo de incrementar la matr\u00edcula de las Instituciones de Educaci\u00f3n Superior (IES) al visibilizar la oferta educativa disponible.<\/p>\n<p>Con la colaboraci\u00f3n del Instituto Sonorense de la Juventud (ISJ) y el Instituto de Becas y Cr\u00e9dito Educativo del Estado de Sonora (Ibcees), se promueve la formaci\u00f3n integral del alumnado mediante acciones para mejorar el perfil de ingreso y reducir la deserci\u00f3n escolar.<\/p>\n<p>Los representantes de las universidades participantes expusieron los programas educativos disponibles, contribuyendo a la claridad vocacional y la comprensi\u00f3n de los planes acad\u00e9micos, adem\u00e1s de promover la vinculaci\u00f3n institucional mediante redes de colaboraci\u00f3n.<\/p>\n","protected":false},"excerpt":{"rendered":"<p>Hermosillo, Sonora; 24 de octubre de 2025.- Con la participaci\u00f3n de cerca de 40 instituciones de educaci\u00f3n superior, p\u00fablicas y particulares, as\u00ed como la asistencia de estudiantes de diversas preparatorias, se realiz\u00f3 con \u00e9xito el Foro de Orientaci\u00f3n y Conocimiento Universitario de Sonora (Focuson). La actividad, organizada por el Gobierno de Sonora a trav\u00e9s de [&hellip;]<\/p>\n","protected":false},"author":2,"featured_media":233462,"comment_status":"closed","ping_status":"closed","sticky":false,"template":"","format":"standard","meta":{"footnotes":""},"categories":[12870,178],"tags":[12865,12869],"class_list":["post-233461","post","type-post","status-publish","format-standard","has-post-thumbnail","hentry","category-destacadas","category-local","tag-destacadas","tag-local"],"jetpack_featured_media_url":"https:\/\/rnoticias.com.mx\/Portal\/wp-content\/uploads\/2025\/10\/unnamed-74.jpg","amp_enabled":true,"_links":{"self":[{"href":"https:\/\/rnoticias.com.mx\/Portal\/wp-json\/wp\/v2\/posts\/233461","targetHints":{"allow":["GET"]}}],"collection":[{"href":"https:\/\/rnoticias.com.mx\/Portal\/wp-json\/wp\/v2\/posts"}],"about":[{"href":"https:\/\/rnoticias.com.mx\/Portal\/wp-json\/wp\/v2\/types\/post"}],"author":[{"embeddable":true,"href":"https:\/\/rnoticias.com.mx\/Portal\/wp-json\/wp\/v2\/users\/2"}],"replies":[{"embeddable":true,"href":"https:\/\/rnoticias.com.mx\/Portal\/wp-json\/wp\/v2\/comments?post=233461"}],"version-history":[{"count":1,"href":"https:\/\/rnoticias.com.mx\/Portal\/wp-json\/wp\/v2\/posts\/233461\/revisions"}],"predecessor-version":[{"id":233463,"href":"https:\/\/rnoticias.com.mx\/Portal\/wp-json\/wp\/v2\/posts\/233461\/revisions\/233463"}],"wp:featuredmedia":[{"embeddable":true,"href":"https:\/\/rnoticias.com.mx\/Portal\/wp-json\/wp\/v2\/media\/233462"}],"wp:attachment":[{"href":"https:\/\/rnoticias.com.mx\/Portal\/wp-json\/wp\/v2\/media?parent=233461"}],"wp:term":[{"taxonomy":"category","embeddable":true,"href":"https:\/\/rnoticias.com.mx\/Portal\/wp-json\/wp\/v2\/categories?post=233461"},{"taxonomy":"post_tag","embeddable":true,"href":"https:\/\/rnoticias.com.mx\/Portal\/wp-json\/wp\/v2\/tags?post=233461"}],"curies":[{"name":"wp","href":"https:\/\/api.w.org\/{rel}","templated":true}]}}