{"id":233458,"date":"2025-10-24T11:24:18","date_gmt":"2025-10-24T18:24:18","guid":{"rendered":"https:\/\/rnoticias.com.mx\/Portal\/?p=233458"},"modified":"2025-10-24T11:24:18","modified_gmt":"2025-10-24T18:24:18","slug":"neoyorquinos-quieren-las-manos-del-ice-fuera-de-su-ciudad-alistan-marchas","status":"publish","type":"post","link":"https:\/\/rnoticias.com.mx\/Portal\/2025\/10\/24\/neoyorquinos-quieren-las-manos-del-ice-fuera-de-su-ciudad-alistan-marchas\/","title":{"rendered":"Neoyorquinos quieren \u201clas manos del ICE fuera de su ciudad\u201d; alistan marchas"},"content":{"rendered":"<p><strong>L\u00edderes pol\u00edticos, encabezados por la presidenta del Concejo municipal de Nueva York, Adrienne Adams, y religiosos de diversas creencias enviaron un contundente mensaje al presidente Donald Trump para que mantenga sus manos \u201cfuera de la ciudad\u201d<\/strong>, que \u201cno quiere ni necesita una ocupaci\u00f3n federal o militar\u201d, como ocurre en otras urbes del pa\u00eds.<\/p>\n<p>\u201cEstamos unidos hoy aqu\u00ed para exigir a Donald Trump que mantenga sus manos fuera de la ciudad de Nueva York, y para que no interfiera con nuestros vecinos, nuestros hijos y nuestras comunidades\u201d, dijo Adams. Destac\u00f3 que \u201csu administraci\u00f3n ha demostrado la voluntad de ignorar la democracia y enviar fuerzas militares contra su propio pueblo\u201d.<\/p>\n<p>La advertencia ocurre luego de que el pasado martes unos 40 agentes de inmigraci\u00f3n y otras agencias federales se presentaran enmascarados en la ciudad y arrestaran en plena calle a nueve personas en la zona comercial de\u00a0Canals\u00a0Street, cerca del popular Barrio Chino y el SoHo, atestada siempre de vendedores ambulantes.<\/p>\n<p>La redada sembr\u00f3 el p\u00e1nico entre los vendedores, que intentaron correr para evitar ser detenidos, as\u00ed como protestas en la ciudad.<\/p>\n<p>Adams, presidenta del Concejo por el Partido Dem\u00f3crata, insisti\u00f3 en que los agentes de inmigraci\u00f3n han violado repetidamente derechos constitucionales, \u201chaciendo desaparecer ilegalmente a miembros de nuestras comunidades y separando familias\u201d.<\/p>\n<p>\u201cEsto solo debilita nuestras comunidades locales y nuestra econom\u00eda al perturbar nuestros vecindarios y sus corredores de peque\u00f1as empresas, todo por pol\u00edtica. No necesitamos m\u00e1s perturbaciones como esta\u201d, afirm\u00f3.<\/p>\n<p><strong>Tambi\u00e9n advirti\u00f3 de que no permitir\u00e1n el env\u00edo de militares de la Guardia Nacional, como ya ha ocurrido en California, Illinois y Oregon, donde ha habido enfrentamientos con los residentes que se oponen a su pol\u00edtica antiinmigrante.<\/strong><\/p>\n<p>La redada tuvo lugar a menos de dos semanas de que la votaci\u00f3n a la Alcald\u00eda de la ciudad el pr\u00f3ximo 4 de noviembre y en las que el candidato dem\u00f3crata, Zohran Madami, aventaja en las encuestas a su principal rival, el independiente Andrew Cuomo.<\/p>\n","protected":false},"excerpt":{"rendered":"<p>L\u00edderes pol\u00edticos, encabezados por la presidenta del Concejo municipal de Nueva York, Adrienne Adams, y religiosos de diversas creencias enviaron un contundente mensaje al presidente Donald Trump para que mantenga sus manos \u201cfuera de la ciudad\u201d, que \u201cno quiere ni necesita una ocupaci\u00f3n federal o militar\u201d, como ocurre en otras urbes del pa\u00eds. \u201cEstamos unidos [&hellip;]<\/p>\n","protected":false},"author":2,"featured_media":233459,"comment_status":"closed","ping_status":"closed","sticky":false,"template":"","format":"standard","meta":{"footnotes":""},"categories":[12870,182],"tags":[12865,12871],"class_list":["post-233458","post","type-post","status-publish","format-standard","has-post-thumbnail","hentry","category-destacadas","category-internacional","tag-destacadas","tag-internacional"],"jetpack_featured_media_url":"https:\/\/rnoticias.com.mx\/Portal\/wp-content\/uploads\/2025\/10\/protestas-estados-unidos-migrantes-redadas.jpg","amp_enabled":true,"_links":{"self":[{"href":"https:\/\/rnoticias.com.mx\/Portal\/wp-json\/wp\/v2\/posts\/233458","targetHints":{"allow":["GET"]}}],"collection":[{"href":"https:\/\/rnoticias.com.mx\/Portal\/wp-json\/wp\/v2\/posts"}],"about":[{"href":"https:\/\/rnoticias.com.mx\/Portal\/wp-json\/wp\/v2\/types\/post"}],"author":[{"embeddable":true,"href":"https:\/\/rnoticias.com.mx\/Portal\/wp-json\/wp\/v2\/users\/2"}],"replies":[{"embeddable":true,"href":"https:\/\/rnoticias.com.mx\/Portal\/wp-json\/wp\/v2\/comments?post=233458"}],"version-history":[{"count":1,"href":"https:\/\/rnoticias.com.mx\/Portal\/wp-json\/wp\/v2\/posts\/233458\/revisions"}],"predecessor-version":[{"id":233460,"href":"https:\/\/rnoticias.com.mx\/Portal\/wp-json\/wp\/v2\/posts\/233458\/revisions\/233460"}],"wp:featuredmedia":[{"embeddable":true,"href":"https:\/\/rnoticias.com.mx\/Portal\/wp-json\/wp\/v2\/media\/233459"}],"wp:attachment":[{"href":"https:\/\/rnoticias.com.mx\/Portal\/wp-json\/wp\/v2\/media?parent=233458"}],"wp:term":[{"taxonomy":"category","embeddable":true,"href":"https:\/\/rnoticias.com.mx\/Portal\/wp-json\/wp\/v2\/categories?post=233458"},{"taxonomy":"post_tag","embeddable":true,"href":"https:\/\/rnoticias.com.mx\/Portal\/wp-json\/wp\/v2\/tags?post=233458"}],"curies":[{"name":"wp","href":"https:\/\/api.w.org\/{rel}","templated":true}]}}