{"id":233451,"date":"2025-10-24T10:35:42","date_gmt":"2025-10-24T17:35:42","guid":{"rendered":"https:\/\/rnoticias.com.mx\/Portal\/?p=233451"},"modified":"2025-10-24T10:35:42","modified_gmt":"2025-10-24T17:35:42","slug":"gobierno-de-sonora-impulsa-con-exito-la-etapa-municipal-de-supremacia-mc-en-hermosillo","status":"publish","type":"post","link":"https:\/\/rnoticias.com.mx\/Portal\/2025\/10\/24\/gobierno-de-sonora-impulsa-con-exito-la-etapa-municipal-de-supremacia-mc-en-hermosillo\/","title":{"rendered":"Gobierno de Sonora impulsa con \u00e9xito la etapa municipal de Supremac\u00eda MC en Hermosillo"},"content":{"rendered":"<p>Hermosillo, Sonora; 24 de octubre de 2025.- Con gran \u00e9xito se llev\u00f3 a cabo la etapa municipal de la convocatoria Supremac\u00eda MC en Hermosillo, iniciativa organizada por el Gobierno de Sonora, a trav\u00e9s del Instituto Sonorense de la Juventud (ISJ), en coordinaci\u00f3n con la Secretar\u00eda de Educaci\u00f3n y Cultura (SEC) y Radio Sonora.<\/p>\n<p>El evento se desarroll\u00f3 en las instalaciones del Centro de Bachillerato Tecnol\u00f3gico Industrial y de Servicios (CBTIS) No. 132, contando con la entusiasta participaci\u00f3n de j\u00f3venes talentos locales apasionados por el g\u00e9nero del rap.<\/p>\n<p>La directora general del ISJ, Rebeca Valenzuela \u00c1lvarez, indic\u00f3 que este espacio tiene el objetivo de que las y los j\u00f3venes expresen sus pensamientos sobre temas que les ata\u00f1en.<\/p>\n<p>\u201cSupremac\u00eda MC es un espacio de libre expresi\u00f3n para las juventudes, en el cual se promueve la reflexi\u00f3n a trav\u00e9s de batallas de rap sobre temas como arte urbano, migraci\u00f3n y frontera\u201d, se\u00f1al\u00f3.<\/p>\n<p>En la competencia result\u00f3 ganador del primer lugar Emilio Gallardo Buelna; el segundo lugar fue para Armando Isaac Pacheco Zayas, y el tercer sitio lo obtuvo Kevin Alexander Ibarra Liz\u00e1rraga.<\/p>\n<p>Estos j\u00f3venes, junto a los ganadores de las ediciones de Nogales, Navojoa y Cajeme, participar\u00e1n en la gran final estatal que se realizar\u00e1 el 14 de noviembre en la ciudad de Hermosillo.<\/p>\n<p>Cabe destacar que la persona ganadora de la fase estatal representar\u00e1 a Sonora en el Torneo Nacional Supremac\u00eda MC, a celebrarse en noviembre de 2025 en la ciudad de Guadalajara, Jalisco.<\/p>\n","protected":false},"excerpt":{"rendered":"<p>Hermosillo, Sonora; 24 de octubre de 2025.- Con gran \u00e9xito se llev\u00f3 a cabo la etapa municipal de la convocatoria Supremac\u00eda MC en Hermosillo, iniciativa organizada por el Gobierno de Sonora, a trav\u00e9s del Instituto Sonorense de la Juventud (ISJ), en coordinaci\u00f3n con la Secretar\u00eda de Educaci\u00f3n y Cultura (SEC) y Radio Sonora. El evento [&hellip;]<\/p>\n","protected":false},"author":2,"featured_media":233452,"comment_status":"closed","ping_status":"closed","sticky":false,"template":"","format":"standard","meta":{"footnotes":""},"categories":[12870,178],"tags":[12865,12869],"class_list":["post-233451","post","type-post","status-publish","format-standard","has-post-thumbnail","hentry","category-destacadas","category-local","tag-destacadas","tag-local"],"jetpack_featured_media_url":"https:\/\/rnoticias.com.mx\/Portal\/wp-content\/uploads\/2025\/10\/unnamed-73.jpg","amp_enabled":true,"_links":{"self":[{"href":"https:\/\/rnoticias.com.mx\/Portal\/wp-json\/wp\/v2\/posts\/233451","targetHints":{"allow":["GET"]}}],"collection":[{"href":"https:\/\/rnoticias.com.mx\/Portal\/wp-json\/wp\/v2\/posts"}],"about":[{"href":"https:\/\/rnoticias.com.mx\/Portal\/wp-json\/wp\/v2\/types\/post"}],"author":[{"embeddable":true,"href":"https:\/\/rnoticias.com.mx\/Portal\/wp-json\/wp\/v2\/users\/2"}],"replies":[{"embeddable":true,"href":"https:\/\/rnoticias.com.mx\/Portal\/wp-json\/wp\/v2\/comments?post=233451"}],"version-history":[{"count":1,"href":"https:\/\/rnoticias.com.mx\/Portal\/wp-json\/wp\/v2\/posts\/233451\/revisions"}],"predecessor-version":[{"id":233453,"href":"https:\/\/rnoticias.com.mx\/Portal\/wp-json\/wp\/v2\/posts\/233451\/revisions\/233453"}],"wp:featuredmedia":[{"embeddable":true,"href":"https:\/\/rnoticias.com.mx\/Portal\/wp-json\/wp\/v2\/media\/233452"}],"wp:attachment":[{"href":"https:\/\/rnoticias.com.mx\/Portal\/wp-json\/wp\/v2\/media?parent=233451"}],"wp:term":[{"taxonomy":"category","embeddable":true,"href":"https:\/\/rnoticias.com.mx\/Portal\/wp-json\/wp\/v2\/categories?post=233451"},{"taxonomy":"post_tag","embeddable":true,"href":"https:\/\/rnoticias.com.mx\/Portal\/wp-json\/wp\/v2\/tags?post=233451"}],"curies":[{"name":"wp","href":"https:\/\/api.w.org\/{rel}","templated":true}]}}