{"id":233445,"date":"2025-10-24T09:35:00","date_gmt":"2025-10-24T16:35:00","guid":{"rendered":"https:\/\/rnoticias.com.mx\/Portal\/?p=233445"},"modified":"2025-10-24T09:35:00","modified_gmt":"2025-10-24T16:35:00","slug":"inaugura-ine-mesas-de-evaluacion-de-los-procesos-electorales-concurrentes-2023-2024-y-del-poder-judicial-de-la-federacion-2024-2025","status":"publish","type":"post","link":"https:\/\/rnoticias.com.mx\/Portal\/2025\/10\/24\/inaugura-ine-mesas-de-evaluacion-de-los-procesos-electorales-concurrentes-2023-2024-y-del-poder-judicial-de-la-federacion-2024-2025\/","title":{"rendered":"Inaugura INE mesas de evaluaci\u00f3n de los procesos electorales concurrentes 2023-2024 y del Poder Judicial de la Federaci\u00f3n 2024-2025"},"content":{"rendered":"<p class=\"x_MsoNormal\"><span data-olk-copy-source=\"MessageBody\">El Instituto Nacional Electoral (INE) inaugur\u00f3 y declar\u00f3 la apertura de las mesas de trabajo de la\u00a0<i>Estrategia Institucional para la Evaluaci\u00f3n del Proceso Electoral Concurrente 2023-2024 y del Proceso Electoral Extraordinario para la elecci\u00f3n de diversos cargos del Poder Judicial de la Federaci\u00f3n (PEEPJF) 2024-2025<\/i>.<\/span><\/p>\n<p class=\"x_MsoNormal\">\n<p class=\"x_MsoNormal\">\u201cEl INE no puede ser un actor pasivo en la discusi\u00f3n p\u00fablica de una eventual reforma electoral\u201d, enfatiz\u00f3 la Consejera Presidenta, Guadalupe Taddei Zavala.<\/p>\n<p class=\"x_MsoNormal\">\n<p class=\"x_MsoNormal\">Confi\u00f3 en que los resultados de esta evaluaci\u00f3n permitir\u00e1n no s\u00f3lo organizar mejores elecciones, sino \u201cconsolidar al INE como la instituci\u00f3n pilar de la democracia mexicana; una instituci\u00f3n que sabe evaluarse, que sabe criticarse y que sabe, sobre todo, c\u00f3mo mejorar\u201d, indic\u00f3.<\/p>\n<p class=\"x_MsoNormal\">\n<p class=\"x_MsoNormal\">En el Lobby del Instituto, acompa\u00f1ada de la Secretaria Ejecutiva, Claudia Arlett Espino y del Encargado del Despacho de la Direcci\u00f3n Ejecutiva de Asuntos Jur\u00eddicos, Juan Manuel V\u00e1zquez Barajas, la Consejera Presidenta dijo que hoy da inicio uno de los ejercicios de autocr\u00edtica y de fortalecimiento institucional m\u00e1s relevantes de la historia reciente del INE: la implementaci\u00f3n de la Estrategia Institucional para la Evaluaci\u00f3n del Proceso Electoral Concurrente 2023-2024 y del Proceso Electoral Extraordinario del Poder Judicial 2024-2025.<\/p>\n<p class=\"x_MsoNormal\">\n<p class=\"x_MsoNormal\">Se\u00f1al\u00f3 que si bien los dos procesos electorales fueron exitosos, \u201cesto no debe cegarnos. La complacencia es el mayor riesgo para una instituci\u00f3n que por definici\u00f3n debe estar en constante evoluci\u00f3n\u201d.<\/p>\n<p class=\"x_MsoNormal\">\n<p class=\"x_MsoNormal\">Tampoco \u201cpodemos quedarnos anclados en el pasado\u201d, sostuvo, por lo que resalt\u00f3 la importancia de la Estrategia, la cual no s\u00f3lo evaluar\u00e1 logros y retos, sino que busca ser un profundo ejercicio de autocr\u00edtica, que busca \u201crecuperar las experiencias institucionales para la mejora integral de nuestro sistema electoral\u201d.<\/p>\n<p class=\"x_MsoNormal\">\n<p class=\"x_MsoNormal\">Con los resultados, agreg\u00f3, se elaborar\u00e1 un documento s\u00f3lido con las propuestas sobre las principales mejoras t\u00e9cnicas, operativas y normativas de cara a los procesos electorales del 2026-2027.<\/p>\n<p class=\"x_MsoNormal\">\n<p class=\"x_MsoNormal\"><b><i>Se implementar\u00e1n mesas de an\u00e1lisis integral sobre diversos temas<\/i><\/b><\/p>\n<p class=\"x_MsoNormal\">\n<p class=\"x_MsoNormal\">Ante integrantes de la Junta General Ejecutiva y, de manera virtual, Vocales Ejecutivos, la Secretaria Ejecutiva, Claudia Arlett Espino, especific\u00f3 que con los resultados, se elaborar\u00e1 un documento que se nutrir\u00e1 de todas las experiencias que ha tenido el Instituto, tanto en la parte operativa como en la ejecutiva y t\u00e9cnica, que se entregar\u00e1 al Consejo General y a la Comisi\u00f3n Presidencial para la Reforma Electoral.<\/p>\n<p class=\"x_MsoNormal\">\n<p class=\"x_MsoNormal\">Adem\u00e1s, se incorporar\u00e1n opiniones de los Organismos P\u00fablicos Locales Electorales; de las vocal\u00edas ejecutivas locales y distritales, as\u00ed como de asociaciones, con mejoras tanto al sistema electoral como a la responsabilidad que tiene el Instituto Nacional Electoral en la organizaci\u00f3n de los procesos electorales.<\/p>\n<p class=\"x_MsoNormal\">\n<p class=\"x_MsoNormal\">Por su parte, V\u00e1zquez Barajas explic\u00f3 que este viernes, s\u00e1bado y domingo se trabajar\u00e1 en mesas de an\u00e1lisis integral sobre los siguientes temas:<\/p>\n<p class=\"x_MsoNormal\">\n<p class=\"x_MsoNormal\">Marco Geogr\u00e1fico Electoral, directrices generales de los procesos judiciales electorales locales, candidaturas y el sistema \u201cCon\u00f3celes\u201d, fiscalizaci\u00f3n, administraci\u00f3n de radio y televisi\u00f3n, Voto de Mexicanos desde el Extranjero, Voto Anticipado y Voto en Prisi\u00f3n Preventiva, modelos de casillas y tramos de control, c\u00f3mputos y resultados electorales, medios impugnativos, procesos sancionadores y oficial\u00eda electoral, transparencia, protecci\u00f3n de datos personales, as\u00ed como la transformaci\u00f3n digital.<\/p>\n","protected":false},"excerpt":{"rendered":"<p>El Instituto Nacional Electoral (INE) inaugur\u00f3 y declar\u00f3 la apertura de las mesas de trabajo de la\u00a0Estrategia Institucional para la Evaluaci\u00f3n del Proceso Electoral Concurrente 2023-2024 y del Proceso Electoral Extraordinario para la elecci\u00f3n de diversos cargos del Poder Judicial de la Federaci\u00f3n (PEEPJF) 2024-2025. \u201cEl INE no puede ser un actor pasivo en la [&hellip;]<\/p>\n","protected":false},"author":2,"featured_media":233446,"comment_status":"closed","ping_status":"closed","sticky":false,"template":"","format":"standard","meta":{"footnotes":""},"categories":[12870,12868],"tags":[12865,12879],"class_list":["post-233445","post","type-post","status-publish","format-standard","has-post-thumbnail","hentry","category-destacadas","category-politica","tag-destacadas","tag-politica"],"jetpack_featured_media_url":"https:\/\/rnoticias.com.mx\/Portal\/wp-content\/uploads\/2025\/10\/ine-16.jpeg","amp_enabled":true,"_links":{"self":[{"href":"https:\/\/rnoticias.com.mx\/Portal\/wp-json\/wp\/v2\/posts\/233445","targetHints":{"allow":["GET"]}}],"collection":[{"href":"https:\/\/rnoticias.com.mx\/Portal\/wp-json\/wp\/v2\/posts"}],"about":[{"href":"https:\/\/rnoticias.com.mx\/Portal\/wp-json\/wp\/v2\/types\/post"}],"author":[{"embeddable":true,"href":"https:\/\/rnoticias.com.mx\/Portal\/wp-json\/wp\/v2\/users\/2"}],"replies":[{"embeddable":true,"href":"https:\/\/rnoticias.com.mx\/Portal\/wp-json\/wp\/v2\/comments?post=233445"}],"version-history":[{"count":1,"href":"https:\/\/rnoticias.com.mx\/Portal\/wp-json\/wp\/v2\/posts\/233445\/revisions"}],"predecessor-version":[{"id":233447,"href":"https:\/\/rnoticias.com.mx\/Portal\/wp-json\/wp\/v2\/posts\/233445\/revisions\/233447"}],"wp:featuredmedia":[{"embeddable":true,"href":"https:\/\/rnoticias.com.mx\/Portal\/wp-json\/wp\/v2\/media\/233446"}],"wp:attachment":[{"href":"https:\/\/rnoticias.com.mx\/Portal\/wp-json\/wp\/v2\/media?parent=233445"}],"wp:term":[{"taxonomy":"category","embeddable":true,"href":"https:\/\/rnoticias.com.mx\/Portal\/wp-json\/wp\/v2\/categories?post=233445"},{"taxonomy":"post_tag","embeddable":true,"href":"https:\/\/rnoticias.com.mx\/Portal\/wp-json\/wp\/v2\/tags?post=233445"}],"curies":[{"name":"wp","href":"https:\/\/api.w.org\/{rel}","templated":true}]}}