{"id":233415,"date":"2025-10-23T22:02:58","date_gmt":"2025-10-24T05:02:58","guid":{"rendered":"https:\/\/rnoticias.com.mx\/Portal\/?p=233415"},"modified":"2025-10-23T22:02:58","modified_gmt":"2025-10-24T05:02:58","slug":"gobierno-de-mexico-rechaza-senalamientos-de-la-onu-sobre-desapariciones-forzadas","status":"publish","type":"post","link":"https:\/\/rnoticias.com.mx\/Portal\/2025\/10\/23\/gobierno-de-mexico-rechaza-senalamientos-de-la-onu-sobre-desapariciones-forzadas\/","title":{"rendered":"Gobierno de M\u00e9xico rechaza se\u00f1alamientos de la ONU sobre desapariciones forzadas"},"content":{"rendered":"<p>El\u00a0<strong>gobierno de M\u00e9xico rechaz\u00f3 las afirmaciones del Comit\u00e9 contra la Desaparici\u00f3n Forzada de Naciones Unidas,<\/strong>\u00a0luego de que este activara por primera vez en su historia el art\u00edculo 34 de la Convenci\u00f3n Internacional para evaluar si las desapariciones en M\u00e9xico constituyen una pr\u00e1ctica sistem\u00e1tica o generalizada.<\/p>\n<p>Seg\u00fan la Secretar\u00eda de Relaciones Exteriores, el gobierno destac\u00f3 que la<strong>\u00a0desaparici\u00f3n de personas es un delito grave que se combate mediante una pol\u00edtica de Estado basada en la prevenci\u00f3n, la investigaci\u00f3n y la sanci\u00f3n.<\/strong><\/p>\n<p>Se\u00f1al\u00f3 que las afirmaciones emitidas por el Comit\u00e9 contra la Desaparici\u00f3n Forzada de las Naciones Unidas (CED, por sus siglas en ingl\u00e9s) carecen de sustento y no son admisibles.<\/p>\n<p>Asimismo, la Canciller\u00eda se\u00f1al\u00f3 que el fen\u00f3meno de la desaparici\u00f3n forzada en M\u00e9xico est\u00e1 principalmente vinculado con la delincuencia organizada, y que\u00a0<strong>el gobierno encabezado por la presidenta Claudia Sheinbaum Pardo implementa una Estrategia Nacional de Construcci\u00f3n de Paz y Seguridad,<\/strong>\u00a0al tiempo que se robustece el\u00a0Registro Nacional de Personas Desaparecidas y No Localizadas.<\/p>\n<p>En M\u00e9xico se han fortalecido las instituciones encargadas de la b\u00fasqueda e identificaci\u00f3n de personas,\u00a0<strong>se han desarrollado nuevas herramientas de coordinaci\u00f3n interinstitucional y se mantiene un di\u00e1logo permanente y constructivo con familiares y colectivos de v\u00edctimas.<\/strong>\u00a0Y agreg\u00f3 que todo ello refleja el compromiso del Estado mexicano con la verdad, la justicia y la reparaci\u00f3n integral.<\/p>\n<p>Por su parte, el\u00a0<strong>Comit\u00e9 contra la Desaparici\u00f3n Forzada considera que en M\u00e9xico existen patrones persistentes de desaparici\u00f3n forzada que podr\u00edan constituir una pr\u00e1ctica sistem\u00e1tica.<\/strong><\/p>\n<p>&nbsp;<\/p>\n<p>Fuente: MVS<\/p>\n","protected":false},"excerpt":{"rendered":"<p>El\u00a0gobierno de M\u00e9xico rechaz\u00f3 las afirmaciones del Comit\u00e9 contra la Desaparici\u00f3n Forzada de Naciones Unidas,\u00a0luego de que este activara por primera vez en su historia el art\u00edculo 34 de la Convenci\u00f3n Internacional para evaluar si las desapariciones en M\u00e9xico constituyen una pr\u00e1ctica sistem\u00e1tica o generalizada. Seg\u00fan la Secretar\u00eda de Relaciones Exteriores, el gobierno destac\u00f3 que [&hellip;]<\/p>\n","protected":false},"author":2,"featured_media":233416,"comment_status":"closed","ping_status":"closed","sticky":false,"template":"","format":"standard","meta":{"footnotes":""},"categories":[12870,172],"tags":[12865,12874],"class_list":["post-233415","post","type-post","status-publish","format-standard","has-post-thumbnail","hentry","category-destacadas","category-nacional","tag-destacadas","tag-nacional"],"jetpack_featured_media_url":"https:\/\/rnoticias.com.mx\/Portal\/wp-content\/uploads\/2025\/10\/f1280x720-719768_851443_5050.webp","amp_enabled":true,"_links":{"self":[{"href":"https:\/\/rnoticias.com.mx\/Portal\/wp-json\/wp\/v2\/posts\/233415","targetHints":{"allow":["GET"]}}],"collection":[{"href":"https:\/\/rnoticias.com.mx\/Portal\/wp-json\/wp\/v2\/posts"}],"about":[{"href":"https:\/\/rnoticias.com.mx\/Portal\/wp-json\/wp\/v2\/types\/post"}],"author":[{"embeddable":true,"href":"https:\/\/rnoticias.com.mx\/Portal\/wp-json\/wp\/v2\/users\/2"}],"replies":[{"embeddable":true,"href":"https:\/\/rnoticias.com.mx\/Portal\/wp-json\/wp\/v2\/comments?post=233415"}],"version-history":[{"count":1,"href":"https:\/\/rnoticias.com.mx\/Portal\/wp-json\/wp\/v2\/posts\/233415\/revisions"}],"predecessor-version":[{"id":233417,"href":"https:\/\/rnoticias.com.mx\/Portal\/wp-json\/wp\/v2\/posts\/233415\/revisions\/233417"}],"wp:featuredmedia":[{"embeddable":true,"href":"https:\/\/rnoticias.com.mx\/Portal\/wp-json\/wp\/v2\/media\/233416"}],"wp:attachment":[{"href":"https:\/\/rnoticias.com.mx\/Portal\/wp-json\/wp\/v2\/media?parent=233415"}],"wp:term":[{"taxonomy":"category","embeddable":true,"href":"https:\/\/rnoticias.com.mx\/Portal\/wp-json\/wp\/v2\/categories?post=233415"},{"taxonomy":"post_tag","embeddable":true,"href":"https:\/\/rnoticias.com.mx\/Portal\/wp-json\/wp\/v2\/tags?post=233415"}],"curies":[{"name":"wp","href":"https:\/\/api.w.org\/{rel}","templated":true}]}}