{"id":233412,"date":"2025-10-23T22:00:57","date_gmt":"2025-10-24T05:00:57","guid":{"rendered":"https:\/\/rnoticias.com.mx\/Portal\/?p=233412"},"modified":"2025-10-23T22:00:57","modified_gmt":"2025-10-24T05:00:57","slug":"museo-del-louvre-reabre-al-publico-con-restricciones-tras-robo-de-joyas","status":"publish","type":"post","link":"https:\/\/rnoticias.com.mx\/Portal\/2025\/10\/23\/museo-del-louvre-reabre-al-publico-con-restricciones-tras-robo-de-joyas\/","title":{"rendered":"Museo del Louvre reabre al p\u00fablico, con restricciones, tras robo de joyas"},"content":{"rendered":"<p>El\u00a0<strong>Museo del Louvre<\/strong>\u00a0reabri\u00f3 este mi\u00e9rcoles por la ma\u00f1ana al p\u00fablico por primera vez desde el\u00a0<strong>robo<\/strong>\u00a0del pasado domingo.<\/p>\n<p>Aunque el lunes todo estaba preparado para recibir\u00a0<strong>visitantes<\/strong>, en el \u00faltimo momento los responsables decidieron mantenerlo cerrado y el martes es el d\u00eda de\u00a0<strong>cierre semanal<\/strong>. A partir de hoy, los visitantes pueden ver de nuevo sus colecciones aunque no en la\u00a0<strong>Galer\u00eda de Apolo<\/strong>.<\/p>\n<p>Los cuatro\u00a0<strong>ladrones<\/strong>\u00a0que formaban parte del comando llegaron al museo y, con una camioneta equipada con un montacargas, subieron hasta un balc\u00f3n del primer, abrieron con una radial un boquete en el cristal de una puerta y luego fracturaron dos vitrinas en las que hab\u00eda\u00a0<strong>joyas<\/strong>. Se llevaron nueve, pero una de ellas, la\u00a0<strong>corona de la emperatriz Eugenia de Montijo<\/strong>, la perdieron en su huida y result\u00f3 da\u00f1ada.<\/p>\n<p>Al respecto, el presidente franc\u00e9s,\u00a0<strong>Emmanuel Macron<\/strong>, pidi\u00f3 este mi\u00e9rcoles que se acelere la implantaci\u00f3n de\u00a0<strong>medidas de seguridad<\/strong>\u00a0en el Louvre.<\/p>\n<p>&nbsp;<\/p>\n<p>Fuente: EFE<\/p>\n","protected":false},"excerpt":{"rendered":"<p>El\u00a0Museo del Louvre\u00a0reabri\u00f3 este mi\u00e9rcoles por la ma\u00f1ana al p\u00fablico por primera vez desde el\u00a0robo\u00a0del pasado domingo. Aunque el lunes todo estaba preparado para recibir\u00a0visitantes, en el \u00faltimo momento los responsables decidieron mantenerlo cerrado y el martes es el d\u00eda de\u00a0cierre semanal. A partir de hoy, los visitantes pueden ver de nuevo sus colecciones aunque [&hellip;]<\/p>\n","protected":false},"author":2,"featured_media":233413,"comment_status":"closed","ping_status":"closed","sticky":false,"template":"","format":"standard","meta":{"footnotes":""},"categories":[12870,182],"tags":[12865,12871],"class_list":["post-233412","post","type-post","status-publish","format-standard","has-post-thumbnail","hentry","category-destacadas","category-internacional","tag-destacadas","tag-internacional"],"jetpack_featured_media_url":"https:\/\/rnoticias.com.mx\/Portal\/wp-content\/uploads\/2025\/10\/descarga-9.jpeg","amp_enabled":true,"_links":{"self":[{"href":"https:\/\/rnoticias.com.mx\/Portal\/wp-json\/wp\/v2\/posts\/233412","targetHints":{"allow":["GET"]}}],"collection":[{"href":"https:\/\/rnoticias.com.mx\/Portal\/wp-json\/wp\/v2\/posts"}],"about":[{"href":"https:\/\/rnoticias.com.mx\/Portal\/wp-json\/wp\/v2\/types\/post"}],"author":[{"embeddable":true,"href":"https:\/\/rnoticias.com.mx\/Portal\/wp-json\/wp\/v2\/users\/2"}],"replies":[{"embeddable":true,"href":"https:\/\/rnoticias.com.mx\/Portal\/wp-json\/wp\/v2\/comments?post=233412"}],"version-history":[{"count":1,"href":"https:\/\/rnoticias.com.mx\/Portal\/wp-json\/wp\/v2\/posts\/233412\/revisions"}],"predecessor-version":[{"id":233414,"href":"https:\/\/rnoticias.com.mx\/Portal\/wp-json\/wp\/v2\/posts\/233412\/revisions\/233414"}],"wp:featuredmedia":[{"embeddable":true,"href":"https:\/\/rnoticias.com.mx\/Portal\/wp-json\/wp\/v2\/media\/233413"}],"wp:attachment":[{"href":"https:\/\/rnoticias.com.mx\/Portal\/wp-json\/wp\/v2\/media?parent=233412"}],"wp:term":[{"taxonomy":"category","embeddable":true,"href":"https:\/\/rnoticias.com.mx\/Portal\/wp-json\/wp\/v2\/categories?post=233412"},{"taxonomy":"post_tag","embeddable":true,"href":"https:\/\/rnoticias.com.mx\/Portal\/wp-json\/wp\/v2\/tags?post=233412"}],"curies":[{"name":"wp","href":"https:\/\/api.w.org\/{rel}","templated":true}]}}