{"id":233409,"date":"2025-10-23T21:57:47","date_gmt":"2025-10-24T04:57:47","guid":{"rendered":"https:\/\/rnoticias.com.mx\/Portal\/?p=233409"},"modified":"2025-10-23T21:57:47","modified_gmt":"2025-10-24T04:57:47","slug":"gobernador-durazo-lanza-convocatoria-sonora-internacional-para-becas-a-estudiantes-sonorenses-en-el-extranjero","status":"publish","type":"post","link":"https:\/\/rnoticias.com.mx\/Portal\/2025\/10\/23\/gobernador-durazo-lanza-convocatoria-sonora-internacional-para-becas-a-estudiantes-sonorenses-en-el-extranjero\/","title":{"rendered":"Gobernador Durazo lanza convocatoria \u201cSonora Internacional\u201d para becas a estudiantes sonorenses en el extranjero"},"content":{"rendered":"<p>Hermosillo, Sonora; 23 de octubre de 2025.- El gobernador Alfonso Durazo Monta\u00f1o lanz\u00f3 la convocatoria \u201cSonora Internacional\u201d, la cual va dirigida a estudiantes de nivel licenciatura y posgrado en el extranjero o que deseen continuar sus estudios fuera del pa\u00eds, y tiene el objetivo de fortalecer la formaci\u00f3n de profesionistas con una visi\u00f3n global.<\/p>\n<p>El mandatario estatal mencion\u00f3 que esta iniciativa es \u00fanica en su tipo en la historia de la entidad, y es implementada a trav\u00e9s del Instituto de Becas y Cr\u00e9dito Educativo del Estado de Sonora (Ibcees) para reconocer y promover el alto desempe\u00f1o acad\u00e9mico de las y los j\u00f3venes sonorenses de entre 18 y 35 a\u00f1os, que deseen fortalecer su desarrollo profesional y personal en otros pa\u00edses.<\/p>\n<p>Este apoyo consistir\u00e1 en una beca de 200 mil pesos, emitida en uno o varios pagos, para que las y los beneficiarios puedan costear los gastos inherentes al estudio en el extranjero, como costos de matr\u00edcula, alimentaci\u00f3n, transporte, materiales de estudio y seguro m\u00e9dico.<\/p>\n<p>El mandatario estatal destac\u00f3 que la creaci\u00f3n de este programa in\u00e9dito representa un paso decisivo para estrechar los lazos entre Sonora y el mundo, brindando a la juventud sonorense la oportunidad de formarse en instituciones internacionales de excelencia y regresar para contribuir al desarrollo del estado.<\/p>\n<p>\u201cHemos puesto en marcha un programa llamado Sonora Internacional, que no tiene precedentes en la historia de nuestra entidad, y cuya convocatoria ya est\u00e1 abierta. Este programa representa un est\u00edmulo y est\u00e1 dirigido a estudiantes sonorenses de licenciatura y posgrado entre 18 y 35 a\u00f1os que deseen continuar con su formaci\u00f3n acad\u00e9mica en el extranjero\u201d, indic\u00f3.<\/p>\n<p>Las y los interesados en este programa podr\u00e1n consultar las bases y realizar su postulaci\u00f3n del 22 de octubre al 5 de noviembre a trav\u00e9s del portal\u00a0<a href=\"http:\/\/becasycredito.sonora.gob.mx\/\" target=\"_blank\" rel=\"noopener\" data-saferedirecturl=\"https:\/\/www.google.com\/url?q=http:\/\/becasycredito.sonora.gob.mx&amp;source=gmail&amp;ust=1761350456297000&amp;usg=AOvVaw33UzB5Gk02vEt7a2xf7KdO\">becasycredito.sonora.gob.mx<\/a>, y quienes necesiten asistencia podr\u00e1n presentarse en las oficinas del instituto en Hermosillo, que est\u00e1n ubicadas en la calle Dr. Domingo Olivares n\u00famero 128, esquina con Paseo de la Paz, en la colonia Valle Grande.<\/p>\n<p>En Ciudad Obreg\u00f3n la atenci\u00f3n se brindar\u00e1 en calle Sinaloa n\u00famero 666, entre 6 de Abril y Nicol\u00e1s Bravo, en la colonia Centro; y en Nogales en calle Campillo n\u00famero 140, en la colonia Fundo Legal en las oficinas de la Agencia Fiscal.<\/p>\n<p>Con \u201cSonora Internacional\u201d el gobernador Alfonso Durazo refrenda su compromiso y visi\u00f3n de una educaci\u00f3n sin fronteras, donde el talento y el esfuerzo de las y los j\u00f3venes sean el motor que impulse la transformaci\u00f3n del estado hacia un futuro m\u00e1s pr\u00f3spero y competitivo.<\/p>\n","protected":false},"excerpt":{"rendered":"<p>Hermosillo, Sonora; 23 de octubre de 2025.- El gobernador Alfonso Durazo Monta\u00f1o lanz\u00f3 la convocatoria \u201cSonora Internacional\u201d, la cual va dirigida a estudiantes de nivel licenciatura y posgrado en el extranjero o que deseen continuar sus estudios fuera del pa\u00eds, y tiene el objetivo de fortalecer la formaci\u00f3n de profesionistas con una visi\u00f3n global. El [&hellip;]<\/p>\n","protected":false},"author":2,"featured_media":233410,"comment_status":"closed","ping_status":"closed","sticky":false,"template":"","format":"standard","meta":{"footnotes":""},"categories":[12870,178],"tags":[12865,12869],"class_list":["post-233409","post","type-post","status-publish","format-standard","has-post-thumbnail","hentry","category-destacadas","category-local","tag-destacadas","tag-local"],"jetpack_featured_media_url":"https:\/\/rnoticias.com.mx\/Portal\/wp-content\/uploads\/2025\/10\/unnamed-72.jpg","amp_enabled":true,"_links":{"self":[{"href":"https:\/\/rnoticias.com.mx\/Portal\/wp-json\/wp\/v2\/posts\/233409","targetHints":{"allow":["GET"]}}],"collection":[{"href":"https:\/\/rnoticias.com.mx\/Portal\/wp-json\/wp\/v2\/posts"}],"about":[{"href":"https:\/\/rnoticias.com.mx\/Portal\/wp-json\/wp\/v2\/types\/post"}],"author":[{"embeddable":true,"href":"https:\/\/rnoticias.com.mx\/Portal\/wp-json\/wp\/v2\/users\/2"}],"replies":[{"embeddable":true,"href":"https:\/\/rnoticias.com.mx\/Portal\/wp-json\/wp\/v2\/comments?post=233409"}],"version-history":[{"count":1,"href":"https:\/\/rnoticias.com.mx\/Portal\/wp-json\/wp\/v2\/posts\/233409\/revisions"}],"predecessor-version":[{"id":233411,"href":"https:\/\/rnoticias.com.mx\/Portal\/wp-json\/wp\/v2\/posts\/233409\/revisions\/233411"}],"wp:featuredmedia":[{"embeddable":true,"href":"https:\/\/rnoticias.com.mx\/Portal\/wp-json\/wp\/v2\/media\/233410"}],"wp:attachment":[{"href":"https:\/\/rnoticias.com.mx\/Portal\/wp-json\/wp\/v2\/media?parent=233409"}],"wp:term":[{"taxonomy":"category","embeddable":true,"href":"https:\/\/rnoticias.com.mx\/Portal\/wp-json\/wp\/v2\/categories?post=233409"},{"taxonomy":"post_tag","embeddable":true,"href":"https:\/\/rnoticias.com.mx\/Portal\/wp-json\/wp\/v2\/tags?post=233409"}],"curies":[{"name":"wp","href":"https:\/\/api.w.org\/{rel}","templated":true}]}}