{"id":233400,"date":"2025-10-23T21:53:18","date_gmt":"2025-10-24T04:53:18","guid":{"rendered":"https:\/\/rnoticias.com.mx\/Portal\/?p=233400"},"modified":"2025-10-23T21:53:18","modified_gmt":"2025-10-24T04:53:18","slug":"una-estratega-sonorense-de-karate-se-une-a-selecto-grupo-de-entrenadores-a-nivel-mundial","status":"publish","type":"post","link":"https:\/\/rnoticias.com.mx\/Portal\/2025\/10\/23\/una-estratega-sonorense-de-karate-se-une-a-selecto-grupo-de-entrenadores-a-nivel-mundial\/","title":{"rendered":"UNA ESTRATEGA SONORENSE DE KARATE SE UNE A SELECTO GRUPO DE ENTRENADORES A NIVEL MUNDIAL"},"content":{"rendered":"<p class=\"x_gmail-MsoNoSpacing\"><span data-olk-copy-source=\"MessageBody\">Hermosillo, Sonora, 23 de octubre del 2025.- La entrenadora sonorense Claudia Barreras, quien ha experimentado un ajetreado y exitoso a\u00f1o como estratega principal de la selecci\u00f3n nacional de karate, acaba de unirse a un selecto grupo a nivel mundial, al recibir un reconocimiento por parte de la Federaci\u00f3n Internacional de su especialidad.<\/span><\/p>\n<p class=\"x_gmail-MsoNoSpacing\">\n<p class=\"x_gmail-MsoNoSpacing\">Y es que la sensei originaria de Ciudad Obreg\u00f3n consigui\u00f3 el diploma de aprobaci\u00f3n como Coach Nivel 3 \u201cKarate Coach\u201d, lo cual la convierte no s\u00f3lo en la d\u00e9cima tercera con esa distinci\u00f3n alrededor del mundo, sino en la primera mexicana en obtenerlo.<\/p>\n<p class=\"x_gmail-MsoNoSpacing\">\n<p class=\"x_gmail-MsoNoSpacing\">Definitivamente el compromiso y dedicaci\u00f3n de Barreras Hern\u00e1ndez han sido importantes en su evoluci\u00f3n como entrenadora, ya que la Federaci\u00f3n Internacional de Karate es sumamente estricta para otorgar ese grado, pues, adem\u00e1s de aprobar un examen, toma en cuenta el seguimiento y comportamiento del aspirante dentro y fuera del tatami.<\/p>\n<p class=\"x_gmail-MsoNoSpacing\">\n<p class=\"x_gmail-MsoNoSpacing\">\u201cObvio es un orgullo y una gran satisfacci\u00f3n, una recompensa por el tiempo dedicado, pero a la vez representa una fuerte responsabilidad, adem\u00e1s, es una oportunidad muy grande que compartes con los atletas, porque como ellos, uno no termina de aprender al momento de sentarte en la silla\u201d, dijo emocionada v\u00eda telef\u00f3nica desde su natal Cajeme.<\/p>\n<p class=\"x_gmail-MsoNoSpacing\">\n<p class=\"x_gmail-MsoNoSpacing\">La sonorense de 39 a\u00f1os de edad, quien tiene 17 como entrenadora y siete de ellos al frente del equipo mexicano, expone un impresionante palmar\u00e9s internacional y nacional, en donde en el 2025 sobresale su actuaci\u00f3n en siete torneos de primera calidad siendo los m\u00e1s significativos los Juegos Panamericanos Junior en Asunci\u00f3n, el Campeonato Continental Senior en Nuevo Le\u00f3n, la Serie \u201cA\u201d de la WKF y el Clasificatorio Mundial efectuado en Par\u00eds.<\/p>\n<p class=\"x_gmail-MsoNoSpacing\">\n<p class=\"x_gmail-MsoNoSpacing\">De hecho, Claudia acaba de regresar de suelo franc\u00e9s con resultados satisfactorios, ya que, en ese evento, cuatro karatecas mexicanos se clasificaron al Campeonato Mundial a celebrarse en El Cairo, Egipto, del 26 al 28 de noviembre, en donde estar\u00e1 dirigiendo al \u201cTricolor\u201d. Aunque, previo a ese certamen mundialista, todav\u00eda tiene pendiente un campo de entrenamiento a realizarse el pr\u00f3ximo fin de semana en Texas, Estados Unidos.<\/p>\n","protected":false},"excerpt":{"rendered":"<p>Hermosillo, Sonora, 23 de octubre del 2025.- La entrenadora sonorense Claudia Barreras, quien ha experimentado un ajetreado y exitoso a\u00f1o como estratega principal de la selecci\u00f3n nacional de karate, acaba de unirse a un selecto grupo a nivel mundial, al recibir un reconocimiento por parte de la Federaci\u00f3n Internacional de su especialidad. Y es que [&hellip;]<\/p>\n","protected":false},"author":2,"featured_media":233401,"comment_status":"closed","ping_status":"closed","sticky":false,"template":"","format":"standard","meta":{"footnotes":""},"categories":[188],"tags":[5231],"class_list":["post-233400","post","type-post","status-publish","format-standard","has-post-thumbnail","hentry","category-deportes","tag-deportes"],"jetpack_featured_media_url":"https:\/\/rnoticias.com.mx\/Portal\/wp-content\/uploads\/2025\/10\/Claudia-Barreras.jpg","amp_enabled":true,"_links":{"self":[{"href":"https:\/\/rnoticias.com.mx\/Portal\/wp-json\/wp\/v2\/posts\/233400","targetHints":{"allow":["GET"]}}],"collection":[{"href":"https:\/\/rnoticias.com.mx\/Portal\/wp-json\/wp\/v2\/posts"}],"about":[{"href":"https:\/\/rnoticias.com.mx\/Portal\/wp-json\/wp\/v2\/types\/post"}],"author":[{"embeddable":true,"href":"https:\/\/rnoticias.com.mx\/Portal\/wp-json\/wp\/v2\/users\/2"}],"replies":[{"embeddable":true,"href":"https:\/\/rnoticias.com.mx\/Portal\/wp-json\/wp\/v2\/comments?post=233400"}],"version-history":[{"count":1,"href":"https:\/\/rnoticias.com.mx\/Portal\/wp-json\/wp\/v2\/posts\/233400\/revisions"}],"predecessor-version":[{"id":233402,"href":"https:\/\/rnoticias.com.mx\/Portal\/wp-json\/wp\/v2\/posts\/233400\/revisions\/233402"}],"wp:featuredmedia":[{"embeddable":true,"href":"https:\/\/rnoticias.com.mx\/Portal\/wp-json\/wp\/v2\/media\/233401"}],"wp:attachment":[{"href":"https:\/\/rnoticias.com.mx\/Portal\/wp-json\/wp\/v2\/media?parent=233400"}],"wp:term":[{"taxonomy":"category","embeddable":true,"href":"https:\/\/rnoticias.com.mx\/Portal\/wp-json\/wp\/v2\/categories?post=233400"},{"taxonomy":"post_tag","embeddable":true,"href":"https:\/\/rnoticias.com.mx\/Portal\/wp-json\/wp\/v2\/tags?post=233400"}],"curies":[{"name":"wp","href":"https:\/\/api.w.org\/{rel}","templated":true}]}}