{"id":233382,"date":"2025-10-23T21:08:59","date_gmt":"2025-10-24T04:08:59","guid":{"rendered":"https:\/\/rnoticias.com.mx\/Portal\/?p=233382"},"modified":"2025-10-23T21:08:59","modified_gmt":"2025-10-24T04:08:59","slug":"matan-a-empresario-citricola-ahora-en-veracruz","status":"publish","type":"post","link":"https:\/\/rnoticias.com.mx\/Portal\/2025\/10\/23\/matan-a-empresario-citricola-ahora-en-veracruz\/","title":{"rendered":"Matan a empresario citr\u00edcola, ahora en Veracruz"},"content":{"rendered":"<p>Hace unos d\u00edas, el l\u00edder limonero Bernardo Bravo fue ultimado en Michoac\u00e1n, pero ahora se reporta una nueva v\u00edctima; en esta ocasi\u00f3n en el estado de Veracruz.<\/p>\n<p><strong>Un empresario citr\u00edcola fue asesinado la ma\u00f1ana de hoy en el norte de Veracruz<\/strong>.<\/p>\n<p><mark><strong>La v\u00edctima fue identificada como Javier Vargas Arias, un empresario atacado por un comando armado en la v\u00eda p\u00fablica en el municipio de \u00c1lamo<\/strong><\/mark>, una regi\u00f3n de alta producci\u00f3n de c\u00edtricos.<\/p>\n<p>Los testigos de los hechos revelaron que\u00a0<strong>un grupo de hombres con equipo t\u00e1ctico y armas largas dispar\u00f3 directo contra el empresario<\/strong>, el cual\u00a0<mark><strong>qued\u00f3 herido y fue trasladado al Hospital General del \u00c1lamo, donde falleci\u00f3<\/strong><\/mark>.<\/p>\n<p><strong>Los agresores huyeron del sitio a bordo de una camioneta<\/strong>; elementos de distintas corporaciones implementaron un operativo de b\u00fasqueda de los atacantes, sin que tuviera \u00e9xito.<\/p>\n<p>La Fiscal\u00eda General del Estado abri\u00f3 una investigaci\u00f3n por el homicidio para determinar el m\u00f3vil y a los probables responsables.<\/p>\n<p><strong>El pasado lunes, el presidente de la Asociaci\u00f3n de Citricultores del Valle de Apatzing\u00e1n en Michoac\u00e1n, Bernardo Bravo Manr\u00edquez, fue asesinado y su cuerpo abandonado en el interior de su veh\u00edculo<\/strong>.<\/p>\n<p>El tambi\u00e9n l\u00edder de la Asociaci\u00f3n Nacional de Citricultores en M\u00e9xico fue privado de la libertad por hombres armados el domingo 19 de octubre, en una zona de influencia del llamado C\u00e1rtel Michoac\u00e1n Nueva Generaci\u00f3n (CMNG).<\/p>\n","protected":false},"excerpt":{"rendered":"<p>Hace unos d\u00edas, el l\u00edder limonero Bernardo Bravo fue ultimado en Michoac\u00e1n, pero ahora se reporta una nueva v\u00edctima; en esta ocasi\u00f3n en el estado de Veracruz. Un empresario citr\u00edcola fue asesinado la ma\u00f1ana de hoy en el norte de Veracruz. La v\u00edctima fue identificada como Javier Vargas Arias, un empresario atacado por un comando [&hellip;]<\/p>\n","protected":false},"author":2,"featured_media":233383,"comment_status":"closed","ping_status":"closed","sticky":false,"template":"","format":"standard","meta":{"footnotes":""},"categories":[12870,172],"tags":[12865,12874],"class_list":["post-233382","post","type-post","status-publish","format-standard","has-post-thumbnail","hentry","category-destacadas","category-nacional","tag-destacadas","tag-nacional"],"jetpack_featured_media_url":"https:\/\/rnoticias.com.mx\/Portal\/wp-content\/uploads\/2025\/10\/f425x230-738300_752282_5050.jpg","amp_enabled":true,"_links":{"self":[{"href":"https:\/\/rnoticias.com.mx\/Portal\/wp-json\/wp\/v2\/posts\/233382","targetHints":{"allow":["GET"]}}],"collection":[{"href":"https:\/\/rnoticias.com.mx\/Portal\/wp-json\/wp\/v2\/posts"}],"about":[{"href":"https:\/\/rnoticias.com.mx\/Portal\/wp-json\/wp\/v2\/types\/post"}],"author":[{"embeddable":true,"href":"https:\/\/rnoticias.com.mx\/Portal\/wp-json\/wp\/v2\/users\/2"}],"replies":[{"embeddable":true,"href":"https:\/\/rnoticias.com.mx\/Portal\/wp-json\/wp\/v2\/comments?post=233382"}],"version-history":[{"count":1,"href":"https:\/\/rnoticias.com.mx\/Portal\/wp-json\/wp\/v2\/posts\/233382\/revisions"}],"predecessor-version":[{"id":233384,"href":"https:\/\/rnoticias.com.mx\/Portal\/wp-json\/wp\/v2\/posts\/233382\/revisions\/233384"}],"wp:featuredmedia":[{"embeddable":true,"href":"https:\/\/rnoticias.com.mx\/Portal\/wp-json\/wp\/v2\/media\/233383"}],"wp:attachment":[{"href":"https:\/\/rnoticias.com.mx\/Portal\/wp-json\/wp\/v2\/media?parent=233382"}],"wp:term":[{"taxonomy":"category","embeddable":true,"href":"https:\/\/rnoticias.com.mx\/Portal\/wp-json\/wp\/v2\/categories?post=233382"},{"taxonomy":"post_tag","embeddable":true,"href":"https:\/\/rnoticias.com.mx\/Portal\/wp-json\/wp\/v2\/tags?post=233382"}],"curies":[{"name":"wp","href":"https:\/\/api.w.org\/{rel}","templated":true}]}}