{"id":233371,"date":"2025-10-23T21:03:00","date_gmt":"2025-10-24T04:03:00","guid":{"rendered":"https:\/\/rnoticias.com.mx\/Portal\/?p=233371"},"modified":"2025-10-23T21:03:00","modified_gmt":"2025-10-24T04:03:00","slug":"gobernador-durazo-recupera-patrimonio-historico-con-entrega-de-segunda-etapa-de-restauracion-de-catedral-de-hermosillo","status":"publish","type":"post","link":"https:\/\/rnoticias.com.mx\/Portal\/2025\/10\/23\/gobernador-durazo-recupera-patrimonio-historico-con-entrega-de-segunda-etapa-de-restauracion-de-catedral-de-hermosillo\/","title":{"rendered":"Gobernador Durazo recupera patrimonio hist\u00f3rico con entrega de segunda etapa de restauraci\u00f3n de Catedral de Hermosillo"},"content":{"rendered":"<p align=\"justify\">Hermosillo, Sonora; 23 de octubre de 2025.- Como parte de la estrategia de rescate y conservaci\u00f3n del patrimonio hist\u00f3rico de Sonora, el gobernador Alfonso Durazo Monta\u00f1o entreg\u00f3 la obra de la segunda etapa de rehabilitaci\u00f3n de fachada de la Catedral Metropolitana de Hermosillo, para la cual se destin\u00f3 una inversi\u00f3n superior a los 9 millones de pesos, en beneficio de alrededor de 560 mil personas.<\/p>\n<p align=\"justify\">Durante un recorrido por la Plaza Zaragoza donde se ubica la Catedral Metropolitana, y las vialidades del Centro de Hermosillo: Doctor Paliza, Sufragio Efectivo, avenida Obreg\u00f3n, callej\u00f3n Elvira Murillo, avenida Chihuahua y calle General Jos\u00e9 Mar\u00eda Y\u00e1\u00f1ez, el jefe del Ejecutivo estatal enfatiz\u00f3 que el proyecto integral de rescate del Centro Hist\u00f3rico, corresponde a una de las acciones m\u00e1s destacadas como s\u00edmbolo de gran valor cultural y arquitect\u00f3nico del estado, el cual no hab\u00eda recibido un mantenimiento de esta magnitud desde 1970.<\/p>\n<p align=\"justify\">\u201cVa a recuperar sus caracter\u00edsticas originales, lo vamos a dejar en los t\u00e9rminos que fue originalmente concebida esta construcci\u00f3n. Es decir, estamos haciendo un trabajo de restauraci\u00f3n, no solo de rehabilitaci\u00f3n, sino de retorno a su condici\u00f3n original\u201d, sostuvo el mandatario sonorense.<\/p>\n<p align=\"justify\">El gobernador Durazo Monta\u00f1o se\u00f1al\u00f3 que, con esta obra integral de restauraci\u00f3n, pronto se va a recuperar no solo la sede de las y los cat\u00f3licos sino tambi\u00e9n un atractivo arquitect\u00f3nico fundamental para los turistas que visitan la capital.<\/p>\n<p align=\"justify\">Entre los trabajos realizados destacan la demolici\u00f3n parcial de aplanados; colocaci\u00f3n parcial de aplanados en caras lisas, molduras y elementos ornamentales; colocaci\u00f3n de pintura vin\u00edlica tono similar al existente; rehabilitaci\u00f3n de cruz de herrer\u00eda y pararrayos; desmontaje de tuber\u00edas; impermeabilizaci\u00f3n en cara superior de elementos ornamentales y arquitect\u00f3nicos; colocaci\u00f3n de tuber\u00eda conduit desmontada por exterior de fachada; colocaci\u00f3n de protecci\u00f3n para bienes culturales y desmantelamiento sin recuperaci\u00f3n de protecci\u00f3n a elementos arquitect\u00f3nicos.<\/p>\n<p align=\"justify\">El mandatario sonorense reiter\u00f3 que las labores de mejora de este inmueble de gran relevancia arquitect\u00f3nica, se traducen en el cumplimiento a un compromiso de su administraci\u00f3n con la preservaci\u00f3n del legado cultural de las y los sonorenses.<\/p>\n","protected":false},"excerpt":{"rendered":"<p>Hermosillo, Sonora; 23 de octubre de 2025.- Como parte de la estrategia de rescate y conservaci\u00f3n del patrimonio hist\u00f3rico de Sonora, el gobernador Alfonso Durazo Monta\u00f1o entreg\u00f3 la obra de la segunda etapa de rehabilitaci\u00f3n de fachada de la Catedral Metropolitana de Hermosillo, para la cual se destin\u00f3 una inversi\u00f3n superior a los 9 millones [&hellip;]<\/p>\n","protected":false},"author":2,"featured_media":233372,"comment_status":"closed","ping_status":"closed","sticky":false,"template":"","format":"standard","meta":{"footnotes":""},"categories":[12870,178],"tags":[12865,12869],"class_list":["post-233371","post","type-post","status-publish","format-standard","has-post-thumbnail","hentry","category-destacadas","category-local","tag-destacadas","tag-local"],"jetpack_featured_media_url":"https:\/\/rnoticias.com.mx\/Portal\/wp-content\/uploads\/2025\/10\/unnamed-69.jpg","amp_enabled":true,"_links":{"self":[{"href":"https:\/\/rnoticias.com.mx\/Portal\/wp-json\/wp\/v2\/posts\/233371","targetHints":{"allow":["GET"]}}],"collection":[{"href":"https:\/\/rnoticias.com.mx\/Portal\/wp-json\/wp\/v2\/posts"}],"about":[{"href":"https:\/\/rnoticias.com.mx\/Portal\/wp-json\/wp\/v2\/types\/post"}],"author":[{"embeddable":true,"href":"https:\/\/rnoticias.com.mx\/Portal\/wp-json\/wp\/v2\/users\/2"}],"replies":[{"embeddable":true,"href":"https:\/\/rnoticias.com.mx\/Portal\/wp-json\/wp\/v2\/comments?post=233371"}],"version-history":[{"count":1,"href":"https:\/\/rnoticias.com.mx\/Portal\/wp-json\/wp\/v2\/posts\/233371\/revisions"}],"predecessor-version":[{"id":233373,"href":"https:\/\/rnoticias.com.mx\/Portal\/wp-json\/wp\/v2\/posts\/233371\/revisions\/233373"}],"wp:featuredmedia":[{"embeddable":true,"href":"https:\/\/rnoticias.com.mx\/Portal\/wp-json\/wp\/v2\/media\/233372"}],"wp:attachment":[{"href":"https:\/\/rnoticias.com.mx\/Portal\/wp-json\/wp\/v2\/media?parent=233371"}],"wp:term":[{"taxonomy":"category","embeddable":true,"href":"https:\/\/rnoticias.com.mx\/Portal\/wp-json\/wp\/v2\/categories?post=233371"},{"taxonomy":"post_tag","embeddable":true,"href":"https:\/\/rnoticias.com.mx\/Portal\/wp-json\/wp\/v2\/tags?post=233371"}],"curies":[{"name":"wp","href":"https:\/\/api.w.org\/{rel}","templated":true}]}}