{"id":233321,"date":"2025-10-23T16:07:26","date_gmt":"2025-10-23T23:07:26","guid":{"rendered":"https:\/\/rnoticias.com.mx\/Portal\/?p=233321"},"modified":"2025-10-23T16:07:26","modified_gmt":"2025-10-23T23:07:26","slug":"mas-de-la-mitad-de-los-estados-en-mexico-tienen-cifras-preocupantes-de-violencia-letalong","status":"publish","type":"post","link":"https:\/\/rnoticias.com.mx\/Portal\/2025\/10\/23\/mas-de-la-mitad-de-los-estados-en-mexico-tienen-cifras-preocupantes-de-violencia-letalong\/","title":{"rendered":"M\u00e1s de la mitad de los estados en M\u00e9xico tienen cifras preocupantes de violencia letal:ONG"},"content":{"rendered":"<p><strong>Al menos 17 de los 32 estados que integran M\u00e9xico mantienen<\/strong>\u00a0un balance\u00a0<strong>&#8220;negativo o muy negativo&#8221;\u00a0<\/strong>de la violencia letal, seg\u00fan un informe difundido este jueves por la organizaci\u00f3n M\u00e9xico Eval\u00faa.<\/p>\n<p><strong>\u201cEl proceso de pacificaci\u00f3n no se ha consolidado territorialmente. Tan es as\u00ed que 17 estados muestran cifras preocupantes de violencia letal: tasas altas, al alza o ambos casos\u201d,\u00a0<\/strong>se\u00f1ala el documento \u2018Violencia y pacificaci\u00f3n a nivel local\u2019.<\/p>\n<p>Seg\u00fan el informe, la reducci\u00f3n a nivel pa\u00eds de homicidios dolosos, que seg\u00fan el Gobierno mexicano ha sido 32 % menos en el primer a\u00f1o de la presidenta Claudia Sheinbaum,<strong>\u00a0\u201cocultas realidades estatales de persistente conflictividad\u201d.<\/strong><\/p>\n<p><strong>\u201cEn muchos de estos estados, los incrementos coinciden con las t\u00e1cticas de debilitamiento operativo contra el crimen organizado: detenciones, decomisos y despliegues federales\u201d<\/strong>, subraya el informe.<\/p>\n<p>Afirma adem\u00e1s que estas acciones, cuando no llevan un acompa\u00f1amiento institucional local, parecen\u00a0<strong>\u201cprovocar reacomodos violentos y disputas por el control de mercados il\u00edcitos\u201d.<\/strong><\/p>\n<p>Por ello, el documento refiere a que la evidencia apunta a una din\u00e1mica de fragmentaci\u00f3n criminal,<strong>\u00a0por un lado, y a una insuficiencia de la pol\u00edtica de seguridad basada, exclusivamente, en el debilitamiento operativo del crimen organizado.<\/strong><\/p>\n<p>La organizaci\u00f3n se\u00f1ala que las cifras oficiales sobre el homicidio doloso<strong>\u00a0\u201cno son completamente confiables, ya que, por un lado, polic\u00edas y fiscal\u00edas carecen de herramientas t\u00e9cnicas y capacidades institucionales para realizar un conteo exhaustivo y homog\u00e9neo de los asesinatos&#8221;.<\/strong><\/p>\n<p>Por otra parte, se\u00f1ala, el contexto pol\u00edtico suele desincentivar la transparencia en el registro, afectando la calidad de los datos oficiales.<\/p>\n<p><strong>\u201cTampoco se descarta que algunas organizaciones criminales recurren a la desaparici\u00f3n de personas como mecanismo para encubrir la violencia letal y reducir su visibilidad estad\u00edstica\u201d,<\/strong>\u00a0apunta.<\/p>\n<p>El documento refiere que de 2018 a 2025 las v\u00edctimas de\u00a0<strong>homicidio doloso registran una reducci\u00f3n del 27,2 % a nivel pa\u00eds, sin embargo, en el mismo periodo, las v\u00edctimas de otros delitos contra la vida y la integridad corporal incrementaron 118,2 % y las personas desaparecidas y no localizadas, 112,9 %.<\/strong><\/p>\n<p>Asimismo, precisa que los estados con una mayor tasa de violencia por cada 100.000 habitantes son Sinaloa (59,2 %), Hidalgo (47 %), Baja California Sur (31,2 %), Ciudad de M\u00e9xico (25,4 %) y Nayarit (22,6 %).<\/p>\n<p><strong>\u201cLa persistencia de altos niveles en entidades del noroeste y del Baj\u00edo sugiere que las pol\u00edticas de debilitamiento operativo del crimen organizado no han sido acompa\u00f1adas de estrategias locales de fortalecimiento institucional ni de coordinaci\u00f3n interregional\u201d<\/strong>, destaca.<\/p>\n<p>&nbsp;<\/p>\n<p>Fuente: EFE<\/p>\n","protected":false},"excerpt":{"rendered":"<p>Al menos 17 de los 32 estados que integran M\u00e9xico mantienen\u00a0un balance\u00a0&#8220;negativo o muy negativo&#8221;\u00a0de la violencia letal, seg\u00fan un informe difundido este jueves por la organizaci\u00f3n M\u00e9xico Eval\u00faa. \u201cEl proceso de pacificaci\u00f3n no se ha consolidado territorialmente. Tan es as\u00ed que 17 estados muestran cifras preocupantes de violencia letal: tasas altas, al alza o [&hellip;]<\/p>\n","protected":false},"author":2,"featured_media":233322,"comment_status":"closed","ping_status":"closed","sticky":false,"template":"","format":"standard","meta":{"footnotes":""},"categories":[12870,172],"tags":[12865,12874],"class_list":["post-233321","post","type-post","status-publish","format-standard","has-post-thumbnail","hentry","category-destacadas","category-nacional","tag-destacadas","tag-nacional"],"jetpack_featured_media_url":"https:\/\/rnoticias.com.mx\/Portal\/wp-content\/uploads\/2025\/10\/1291014xeu20230921132832.webp","amp_enabled":true,"_links":{"self":[{"href":"https:\/\/rnoticias.com.mx\/Portal\/wp-json\/wp\/v2\/posts\/233321","targetHints":{"allow":["GET"]}}],"collection":[{"href":"https:\/\/rnoticias.com.mx\/Portal\/wp-json\/wp\/v2\/posts"}],"about":[{"href":"https:\/\/rnoticias.com.mx\/Portal\/wp-json\/wp\/v2\/types\/post"}],"author":[{"embeddable":true,"href":"https:\/\/rnoticias.com.mx\/Portal\/wp-json\/wp\/v2\/users\/2"}],"replies":[{"embeddable":true,"href":"https:\/\/rnoticias.com.mx\/Portal\/wp-json\/wp\/v2\/comments?post=233321"}],"version-history":[{"count":1,"href":"https:\/\/rnoticias.com.mx\/Portal\/wp-json\/wp\/v2\/posts\/233321\/revisions"}],"predecessor-version":[{"id":233323,"href":"https:\/\/rnoticias.com.mx\/Portal\/wp-json\/wp\/v2\/posts\/233321\/revisions\/233323"}],"wp:featuredmedia":[{"embeddable":true,"href":"https:\/\/rnoticias.com.mx\/Portal\/wp-json\/wp\/v2\/media\/233322"}],"wp:attachment":[{"href":"https:\/\/rnoticias.com.mx\/Portal\/wp-json\/wp\/v2\/media?parent=233321"}],"wp:term":[{"taxonomy":"category","embeddable":true,"href":"https:\/\/rnoticias.com.mx\/Portal\/wp-json\/wp\/v2\/categories?post=233321"},{"taxonomy":"post_tag","embeddable":true,"href":"https:\/\/rnoticias.com.mx\/Portal\/wp-json\/wp\/v2\/tags?post=233321"}],"curies":[{"name":"wp","href":"https:\/\/api.w.org\/{rel}","templated":true}]}}