{"id":233293,"date":"2025-10-23T11:22:47","date_gmt":"2025-10-23T18:22:47","guid":{"rendered":"https:\/\/rnoticias.com.mx\/Portal\/?p=233293"},"modified":"2025-10-23T11:22:47","modified_gmt":"2025-10-23T18:22:47","slug":"sinaloa-castigada-por-violencia-van-12-muertos-en-dos-dias","status":"publish","type":"post","link":"https:\/\/rnoticias.com.mx\/Portal\/2025\/10\/23\/sinaloa-castigada-por-violencia-van-12-muertos-en-dos-dias\/","title":{"rendered":"Sinaloa, castigada por violencia; van 12 muertos en dos d\u00edas"},"content":{"rendered":"<p>Sinaloa se encuentra bajo el azote del crimen organizado y los homicidios que de \u00e9l resultan. En tan s\u00f3lo dos d\u00edas, 12 personas han sido encontradas muertas. Estos son todos los detalles de la cr\u00f3nica sangrienta en la entidad:<\/p>\n<p>En una nueva escalada de violencia en la capital de Sinaloa,\u00a0<mark><strong>ayer mi\u00e9rcoles se registraron siete asesinatos, con lo que entre el pasado martes y ayer suman 12 personas muertas, as\u00ed como siete heridas en varios ataques<\/strong><\/mark>.<\/p>\n<p><strong>Este mi\u00e9rcoles, en una vivienda de Aguaruto fue localizada una mujer de 65 a\u00f1os asesinada a balazos. Otra persona muerta fue encontrada en una vivienda del boulevard Francisco I Madero<\/strong>.<\/p>\n<p><strong>En un taller mec\u00e1nico de la colonia las Torres fueron asesinados a tiros Brian Abel &#8220;N&#8221;, de 21 a\u00f1os, y Sergio &#8220;N&#8221;, de 35 a\u00f1os<\/strong>, quienes reparaban un veh\u00edculo al momento del ataque. Adem\u00e1s,\u00a0<strong>una persona fue asesinada en su auto, en una calle de colonia Aquiles Serd\u00e1n<\/strong>.<\/p>\n<p><strong>En un lote bald\u00edo del fraccionamiento Villa Bonita fue encontrado muerto un hombre joven, a\u00fan sin identificar<\/strong>. A su vez,\u00a0<strong>otro hombre muerto fue hallado en un lote bald\u00edo del fraccionamiento Santa Roc\u00edo<\/strong>.<\/p>\n<p><mark><strong>La noche del martes, una jornada violenta tambi\u00e9n en Culiac\u00e1n, dej\u00f3 cinco muertos, siete heridos y cuatro civiles armados detenidos<\/strong><\/mark>.<\/p>\n<p><strong>En varias zonas del sur y norte de la capital hubo balaceras que dejaron cinco hombres muertos<\/strong>, entre ellos un pasajero de un autob\u00fas, v\u00edctima colateral;\u00a0<strong>adem\u00e1s de dos hombres, dos mujeres y un adolescente de 12 a\u00f1os heridos por balas p\u00e9rdidas. Otros dos hombres resultaron lesionados en un enfrentamiento<\/strong>.<\/p>\n<p><strong>Por esto actos se desat\u00f3 un operativo y como resultado cuatro personas armadas fueron detenidas, entre ellas dos menores de edad<\/strong>, se\u00f1alaron las autoridades.<\/p>\n<h2>Identifican detenidos<\/h2>\n<p>El secretario de Seguridad P\u00fablica y Ciudadana, Omar Garc\u00eda Harfuch, dijo que las seis personas detenidas en enfrentamientos en el desarrollo urbano de Tres R\u00edos<strong>\u00a0<\/strong><mark><strong>fueron identificadas como integrantes de una c\u00e9lula criminal vinculada con homicidios, narcotr\u00e1fico, privaci\u00f3n ilegal de la libertad y agresiones armadas<\/strong><\/mark>.<\/p>\n<p>Explic\u00f3 que\u00a0<strong>entre los detenidos se encuentran Jos\u00e9 Manuel &#8220;N&#8221;, alias &#8220;El Mono Canelo&#8221;, y Juan Carlos &#8220;N&#8221;, &#8220;El Chango&#8221;, ambos generadores de violencia detenidos en diciembre y liberados por un juez<\/strong>.<\/p>\n<p>El martes pasado se inform\u00f3 que en un operativo se logr\u00f3 la captura de seis hombres y en la acci\u00f3n un civil armado muri\u00f3. Al respecto, Harfuch detall\u00f3 que Luis Ezequiel &#8220;N&#8221;, &#8220;El Morral&#8221;, l\u00edder de la c\u00e9lula, fue abatido en el enfrentamiento.<\/p>\n","protected":false},"excerpt":{"rendered":"<p>Sinaloa se encuentra bajo el azote del crimen organizado y los homicidios que de \u00e9l resultan. En tan s\u00f3lo dos d\u00edas, 12 personas han sido encontradas muertas. Estos son todos los detalles de la cr\u00f3nica sangrienta en la entidad: En una nueva escalada de violencia en la capital de Sinaloa,\u00a0ayer mi\u00e9rcoles se registraron siete asesinatos, [&hellip;]<\/p>\n","protected":false},"author":2,"featured_media":233294,"comment_status":"closed","ping_status":"closed","sticky":false,"template":"","format":"standard","meta":{"footnotes":""},"categories":[12870,172],"tags":[12865,12874],"class_list":["post-233293","post","type-post","status-publish","format-standard","has-post-thumbnail","hentry","category-destacadas","category-nacional","tag-destacadas","tag-nacional"],"jetpack_featured_media_url":"https:\/\/rnoticias.com.mx\/Portal\/wp-content\/uploads\/2025\/10\/descarga-7.jpeg","amp_enabled":true,"_links":{"self":[{"href":"https:\/\/rnoticias.com.mx\/Portal\/wp-json\/wp\/v2\/posts\/233293","targetHints":{"allow":["GET"]}}],"collection":[{"href":"https:\/\/rnoticias.com.mx\/Portal\/wp-json\/wp\/v2\/posts"}],"about":[{"href":"https:\/\/rnoticias.com.mx\/Portal\/wp-json\/wp\/v2\/types\/post"}],"author":[{"embeddable":true,"href":"https:\/\/rnoticias.com.mx\/Portal\/wp-json\/wp\/v2\/users\/2"}],"replies":[{"embeddable":true,"href":"https:\/\/rnoticias.com.mx\/Portal\/wp-json\/wp\/v2\/comments?post=233293"}],"version-history":[{"count":1,"href":"https:\/\/rnoticias.com.mx\/Portal\/wp-json\/wp\/v2\/posts\/233293\/revisions"}],"predecessor-version":[{"id":233295,"href":"https:\/\/rnoticias.com.mx\/Portal\/wp-json\/wp\/v2\/posts\/233293\/revisions\/233295"}],"wp:featuredmedia":[{"embeddable":true,"href":"https:\/\/rnoticias.com.mx\/Portal\/wp-json\/wp\/v2\/media\/233294"}],"wp:attachment":[{"href":"https:\/\/rnoticias.com.mx\/Portal\/wp-json\/wp\/v2\/media?parent=233293"}],"wp:term":[{"taxonomy":"category","embeddable":true,"href":"https:\/\/rnoticias.com.mx\/Portal\/wp-json\/wp\/v2\/categories?post=233293"},{"taxonomy":"post_tag","embeddable":true,"href":"https:\/\/rnoticias.com.mx\/Portal\/wp-json\/wp\/v2\/tags?post=233293"}],"curies":[{"name":"wp","href":"https:\/\/api.w.org\/{rel}","templated":true}]}}