{"id":233289,"date":"2025-10-22T22:08:29","date_gmt":"2025-10-23T05:08:29","guid":{"rendered":"https:\/\/rnoticias.com.mx\/Portal\/?p=233289"},"modified":"2025-10-22T22:08:29","modified_gmt":"2025-10-23T05:08:29","slug":"judicializa-fgjes-a-francisco-javier-n-por-privacion-ilegal-de-la-libertad-agravada-en-hermosillo","status":"publish","type":"post","link":"https:\/\/rnoticias.com.mx\/Portal\/2025\/10\/22\/judicializa-fgjes-a-francisco-javier-n-por-privacion-ilegal-de-la-libertad-agravada-en-hermosillo\/","title":{"rendered":"Judicializa FGJES a Francisco Javier \u201cN\u201d por privaci\u00f3n ilegal de la libertad agravada en Hermosillo"},"content":{"rendered":"<p>Hermosillo, Sonora, 22 de octubre de 2025.- La Fiscal\u00eda General de Justicia del Estado de Sonora (FGJES) informa que Francisco Javier \u201cN\u201d, de 46 a\u00f1os, fue puesto a disposici\u00f3n de la autoridad judicial por su probable responsabilidad en el delito de privaci\u00f3n ilegal de la libertad agravada. El imputado fue detenido en flagrancia y se encuentra internado en el CERESO n\u00famero 1 de Hermosillo, a la espera de la audiencia inicial.<\/p>\n<p>Es importante precisar que este caso no constituye un delito de secuestro, como fue difundido en algunos espacios informativos.<\/p>\n<p>No existi\u00f3 exigencia de rescate ni beneficio econ\u00f3mico.<\/p>\n<p>La retenci\u00f3n tuvo una duraci\u00f3n corta y estuvo vinculada a amenazas inmediatas, sin prolongaci\u00f3n o planificaci\u00f3n para extorsionar.<\/p>\n<p>No hubo participaci\u00f3n de terceros organizados ni condiciones adicionales que caractericen el secuestro seg\u00fan la ley penal.<\/p>\n<p>De acuerdo con la investigaci\u00f3n, el pasado 21 de octubre, el imputado ingres\u00f3 a un domicilio en la colonia Solidaridad y, bajo amenazas, traslad\u00f3 a las v\u00edctimas a un diverso domicilio particular cerrando las puertas para impedir su salida. Gracias a la intervenci\u00f3n r\u00e1pida de la Polic\u00eda Estatal y la corporaci\u00f3n policial local, las v\u00edctimas fueron liberadas y el imputado detenido en flagrancia.<\/p>\n<p>La FGJES reafirma su compromiso con la protecci\u00f3n de las v\u00edctimas y la aplicaci\u00f3n estricta de la ley, garantizando que los procesos judiciales se desarrollen con base en evidencia y respeto al debido proceso.<\/p>\n","protected":false},"excerpt":{"rendered":"<p>Hermosillo, Sonora, 22 de octubre de 2025.- La Fiscal\u00eda General de Justicia del Estado de Sonora (FGJES) informa que Francisco Javier \u201cN\u201d, de 46 a\u00f1os, fue puesto a disposici\u00f3n de la autoridad judicial por su probable responsabilidad en el delito de privaci\u00f3n ilegal de la libertad agravada. El imputado fue detenido en flagrancia y se [&hellip;]<\/p>\n","protected":false},"author":2,"featured_media":233290,"comment_status":"closed","ping_status":"closed","sticky":false,"template":"","format":"standard","meta":{"footnotes":""},"categories":[12870,178],"tags":[12865,12869],"class_list":["post-233289","post","type-post","status-publish","format-standard","has-post-thumbnail","hentry","category-destacadas","category-local","tag-destacadas","tag-local"],"jetpack_featured_media_url":"https:\/\/rnoticias.com.mx\/Portal\/wp-content\/uploads\/2025\/10\/90a131ac-4f55-4d91-90fb-3945bf245df5.jpeg","amp_enabled":true,"_links":{"self":[{"href":"https:\/\/rnoticias.com.mx\/Portal\/wp-json\/wp\/v2\/posts\/233289","targetHints":{"allow":["GET"]}}],"collection":[{"href":"https:\/\/rnoticias.com.mx\/Portal\/wp-json\/wp\/v2\/posts"}],"about":[{"href":"https:\/\/rnoticias.com.mx\/Portal\/wp-json\/wp\/v2\/types\/post"}],"author":[{"embeddable":true,"href":"https:\/\/rnoticias.com.mx\/Portal\/wp-json\/wp\/v2\/users\/2"}],"replies":[{"embeddable":true,"href":"https:\/\/rnoticias.com.mx\/Portal\/wp-json\/wp\/v2\/comments?post=233289"}],"version-history":[{"count":1,"href":"https:\/\/rnoticias.com.mx\/Portal\/wp-json\/wp\/v2\/posts\/233289\/revisions"}],"predecessor-version":[{"id":233291,"href":"https:\/\/rnoticias.com.mx\/Portal\/wp-json\/wp\/v2\/posts\/233289\/revisions\/233291"}],"wp:featuredmedia":[{"embeddable":true,"href":"https:\/\/rnoticias.com.mx\/Portal\/wp-json\/wp\/v2\/media\/233290"}],"wp:attachment":[{"href":"https:\/\/rnoticias.com.mx\/Portal\/wp-json\/wp\/v2\/media?parent=233289"}],"wp:term":[{"taxonomy":"category","embeddable":true,"href":"https:\/\/rnoticias.com.mx\/Portal\/wp-json\/wp\/v2\/categories?post=233289"},{"taxonomy":"post_tag","embeddable":true,"href":"https:\/\/rnoticias.com.mx\/Portal\/wp-json\/wp\/v2\/tags?post=233289"}],"curies":[{"name":"wp","href":"https:\/\/api.w.org\/{rel}","templated":true}]}}