{"id":233274,"date":"2025-10-22T21:33:12","date_gmt":"2025-10-23T04:33:12","guid":{"rendered":"https:\/\/rnoticias.com.mx\/Portal\/?p=233274"},"modified":"2025-10-22T21:33:12","modified_gmt":"2025-10-23T04:33:12","slug":"piden-extender-uso-de-aire-en-camiones-por-calor-en-hermosillo","status":"publish","type":"post","link":"https:\/\/rnoticias.com.mx\/Portal\/2025\/10\/22\/piden-extender-uso-de-aire-en-camiones-por-calor-en-hermosillo\/","title":{"rendered":"Piden extender uso de aire en camiones por calor en Hermosillo"},"content":{"rendered":"<p>Hermosillo, Sonora. Ante las altas temperaturas que a\u00fan se registran en la capital sonorense, la Uni\u00f3n de Usuarios solicit\u00f3 al Instituto de Movilidad y Transporte del Estado (IMTES), permitir que los camiones contin\u00faen operando con aire acondicionado durante las horas m\u00e1s calurosas del d\u00eda, incluso despu\u00e9s del 15 de octubre, fecha en que por ley concluye el periodo de refrigeraci\u00f3n.<\/p>\n<p>&nbsp;<\/p>\n<p>Ignacio Peinado Luna, dirigente del organismo, explic\u00f3 que aunque la normativa estatal fija el uso de los sistemas de enfriamiento del 15 de abril al 15 de octubre, las condiciones clim\u00e1ticas siguen siendo extremas al mediod\u00eda.<\/p>\n<p>&nbsp;<\/p>\n<p>\u201cHemos propuesto que se mantengan encendidos los aires entre las 11:00 y las 15:00 horas, para garantizar un servicio m\u00e1s digno a los usuarios\u201d, cont\u00f3.<\/p>\n<p>&nbsp;<\/p>\n<p>El l\u00edder ciudadano indic\u00f3 que ya se reunieron con autoridades del transporte y conf\u00edan en recibir una respuesta favorable en los pr\u00f3ximos d\u00edas.<\/p>\n<p>&nbsp;<\/p>\n<p>&nbsp;<\/p>\n","protected":false},"excerpt":{"rendered":"<p>Hermosillo, Sonora. Ante las altas temperaturas que a\u00fan se registran en la capital sonorense, la Uni\u00f3n de Usuarios solicit\u00f3 al Instituto de Movilidad y Transporte del Estado (IMTES), permitir que los camiones contin\u00faen operando con aire acondicionado durante las horas m\u00e1s calurosas del d\u00eda, incluso despu\u00e9s del 15 de octubre, fecha en que por ley [&hellip;]<\/p>\n","protected":false},"author":2,"featured_media":233275,"comment_status":"closed","ping_status":"closed","sticky":false,"template":"","format":"standard","meta":{"footnotes":""},"categories":[12870,178],"tags":[12865,12869],"class_list":["post-233274","post","type-post","status-publish","format-standard","has-post-thumbnail","hentry","category-destacadas","category-local","tag-destacadas","tag-local"],"jetpack_featured_media_url":"https:\/\/rnoticias.com.mx\/Portal\/wp-content\/uploads\/2025\/10\/image-2.webp","amp_enabled":true,"_links":{"self":[{"href":"https:\/\/rnoticias.com.mx\/Portal\/wp-json\/wp\/v2\/posts\/233274","targetHints":{"allow":["GET"]}}],"collection":[{"href":"https:\/\/rnoticias.com.mx\/Portal\/wp-json\/wp\/v2\/posts"}],"about":[{"href":"https:\/\/rnoticias.com.mx\/Portal\/wp-json\/wp\/v2\/types\/post"}],"author":[{"embeddable":true,"href":"https:\/\/rnoticias.com.mx\/Portal\/wp-json\/wp\/v2\/users\/2"}],"replies":[{"embeddable":true,"href":"https:\/\/rnoticias.com.mx\/Portal\/wp-json\/wp\/v2\/comments?post=233274"}],"version-history":[{"count":1,"href":"https:\/\/rnoticias.com.mx\/Portal\/wp-json\/wp\/v2\/posts\/233274\/revisions"}],"predecessor-version":[{"id":233276,"href":"https:\/\/rnoticias.com.mx\/Portal\/wp-json\/wp\/v2\/posts\/233274\/revisions\/233276"}],"wp:featuredmedia":[{"embeddable":true,"href":"https:\/\/rnoticias.com.mx\/Portal\/wp-json\/wp\/v2\/media\/233275"}],"wp:attachment":[{"href":"https:\/\/rnoticias.com.mx\/Portal\/wp-json\/wp\/v2\/media?parent=233274"}],"wp:term":[{"taxonomy":"category","embeddable":true,"href":"https:\/\/rnoticias.com.mx\/Portal\/wp-json\/wp\/v2\/categories?post=233274"},{"taxonomy":"post_tag","embeddable":true,"href":"https:\/\/rnoticias.com.mx\/Portal\/wp-json\/wp\/v2\/tags?post=233274"}],"curies":[{"name":"wp","href":"https:\/\/api.w.org\/{rel}","templated":true}]}}