{"id":233271,"date":"2025-10-22T20:46:06","date_gmt":"2025-10-23T03:46:06","guid":{"rendered":"https:\/\/rnoticias.com.mx\/Portal\/?p=233271"},"modified":"2025-10-22T20:46:06","modified_gmt":"2025-10-23T03:46:06","slug":"carlos-slim-domit-ve-con-optimismo-el-t-mec-pese-a-revision-turbulenta-en-2026","status":"publish","type":"post","link":"https:\/\/rnoticias.com.mx\/Portal\/2025\/10\/22\/carlos-slim-domit-ve-con-optimismo-el-t-mec-pese-a-revision-turbulenta-en-2026\/","title":{"rendered":"Carlos Slim Domit ve con optimismo el T-MEC, pese a revisi\u00f3n &#8216;turbulenta&#8217; en 2026"},"content":{"rendered":"<p>La relaci\u00f3n econ\u00f3mica entre Estados Unidos y M\u00e9xico pasar\u00e1 por una<strong>\u00a0&#8220;fase turbulenta&#8221;<\/strong>\u00a0debido a la revisi\u00f3n del Tratado de Libre Comercio (T-MEC) que ambos pa\u00edses tienen con Canad\u00e1, pero Norteam\u00e9rica saldr\u00e1 reforzada como la regi\u00f3n con\u00a0<strong>&#8220;mayor potencial del mundo&#8221;,<\/strong>\u00a0afirm\u00f3 este mi\u00e9rcoles el empresario mexicano Carlos Slim Domit, presidente del consejo de administraci\u00f3n del Grupo Carso y Am\u00e9rica M\u00f3vil.<\/p>\n<p><strong>&#8220;Habr\u00e1 una fase turbulenta, con la revisi\u00f3n del TMEC. Pero somos muy optimistas hacia el futuro econ\u00f3mico de Norteam\u00e9rica&#8221;,\u00a0<\/strong>afirm\u00f3 Slim en la conferencia global de inversores del Milken Institute celebrada en Ciudad de M\u00e9xico.<\/p>\n<p>Hace una semana, el secretario de Econom\u00eda, Marcelo Ebrard, hab\u00eda indicado ante el pleno del Senado mexicano que el T-MEC iba a\u00a0<strong>\u201csobrevivir<\/strong>\u201d tras la revisi\u00f3n prevista para 2026, pese a las amenazas del presidente estadounidense, Donald Trump, quien ha postergado en varias ocasiones la aplicaci\u00f3n de aranceles al vecino del sur.<\/p>\n<p><strong>&#8220;Norteam\u00e9rica en esta reconfiguraci\u00f3n el mundo actual es la regi\u00f3n con mayor potencial. El potencial de la suma va permitir competir y estabilizar las cadenas de suministro&#8221;,<\/strong>\u00a0remarc\u00f3 Slim, hijo de Carlos Slim Hel\u00fa, que posee una de las mayores fortunas del mundo.<\/p>\n<p>El empresario mexicano remarc\u00f3 que si bien Estados Unidos\u00a0<strong>&#8220;perdi\u00f3 un tiempo el liderazgo tecnol\u00f3gico&#8221;, asegur\u00f3 que &#8220;ahora parece que lo est\u00e1 recuperando con Inteligencia Artificial&#8221;\u00a0<\/strong>algo muy importante para aprovechar la complementareidad entre M\u00e9xico y su vecino del norte.<\/p>\n<p><strong>&#8220;El camino por delante es muy positivo&#8221;,<\/strong>\u00a0agreg\u00f3 Slim, quien encabeza un conglomerado empresarial con intereses en sectores como la infraestructura, telecomunicaciones o energ\u00eda.<\/p>\n<p>La conferencia global de inversores del Instituto Milken analiza los desaf\u00edos econ\u00f3micos actuales con la presencia de diversos l\u00edderes pol\u00edticos y econ\u00f3micos regionales, como el mencionado secretario Ebrard;<strong>\u00a0la exministra de Comercio Internacional de Canad\u00e1, Mary Ng; el embajador de M\u00e9xico en Estados Unidos, Esteban Moctezuma, y el presidente de BanCoppel, Ruben Coppel, entre otros.<\/strong><\/p>\n<p>&nbsp;<\/p>\n<p>Fuente: EFE<\/p>\n","protected":false},"excerpt":{"rendered":"<p>La relaci\u00f3n econ\u00f3mica entre Estados Unidos y M\u00e9xico pasar\u00e1 por una\u00a0&#8220;fase turbulenta&#8221;\u00a0debido a la revisi\u00f3n del Tratado de Libre Comercio (T-MEC) que ambos pa\u00edses tienen con Canad\u00e1, pero Norteam\u00e9rica saldr\u00e1 reforzada como la regi\u00f3n con\u00a0&#8220;mayor potencial del mundo&#8221;,\u00a0afirm\u00f3 este mi\u00e9rcoles el empresario mexicano Carlos Slim Domit, presidente del consejo de administraci\u00f3n del Grupo Carso y [&hellip;]<\/p>\n","protected":false},"author":2,"featured_media":233272,"comment_status":"closed","ping_status":"closed","sticky":false,"template":"","format":"standard","meta":{"footnotes":""},"categories":[12870,172],"tags":[12865,12874],"class_list":["post-233271","post","type-post","status-publish","format-standard","has-post-thumbnail","hentry","category-destacadas","category-nacional","tag-destacadas","tag-nacional"],"jetpack_featured_media_url":"https:\/\/rnoticias.com.mx\/Portal\/wp-content\/uploads\/2025\/10\/carlos-slim-domit-empresario-900x608-1.jpg","amp_enabled":true,"_links":{"self":[{"href":"https:\/\/rnoticias.com.mx\/Portal\/wp-json\/wp\/v2\/posts\/233271","targetHints":{"allow":["GET"]}}],"collection":[{"href":"https:\/\/rnoticias.com.mx\/Portal\/wp-json\/wp\/v2\/posts"}],"about":[{"href":"https:\/\/rnoticias.com.mx\/Portal\/wp-json\/wp\/v2\/types\/post"}],"author":[{"embeddable":true,"href":"https:\/\/rnoticias.com.mx\/Portal\/wp-json\/wp\/v2\/users\/2"}],"replies":[{"embeddable":true,"href":"https:\/\/rnoticias.com.mx\/Portal\/wp-json\/wp\/v2\/comments?post=233271"}],"version-history":[{"count":1,"href":"https:\/\/rnoticias.com.mx\/Portal\/wp-json\/wp\/v2\/posts\/233271\/revisions"}],"predecessor-version":[{"id":233273,"href":"https:\/\/rnoticias.com.mx\/Portal\/wp-json\/wp\/v2\/posts\/233271\/revisions\/233273"}],"wp:featuredmedia":[{"embeddable":true,"href":"https:\/\/rnoticias.com.mx\/Portal\/wp-json\/wp\/v2\/media\/233272"}],"wp:attachment":[{"href":"https:\/\/rnoticias.com.mx\/Portal\/wp-json\/wp\/v2\/media?parent=233271"}],"wp:term":[{"taxonomy":"category","embeddable":true,"href":"https:\/\/rnoticias.com.mx\/Portal\/wp-json\/wp\/v2\/categories?post=233271"},{"taxonomy":"post_tag","embeddable":true,"href":"https:\/\/rnoticias.com.mx\/Portal\/wp-json\/wp\/v2\/tags?post=233271"}],"curies":[{"name":"wp","href":"https:\/\/api.w.org\/{rel}","templated":true}]}}