{"id":233259,"date":"2025-10-22T20:10:14","date_gmt":"2025-10-23T03:10:14","guid":{"rendered":"https:\/\/rnoticias.com.mx\/Portal\/?p=233259"},"modified":"2025-10-22T20:10:14","modified_gmt":"2025-10-23T03:10:14","slug":"paz-y-seguridad-una-agenda-prioritaria-lorenia-valles","status":"publish","type":"post","link":"https:\/\/rnoticias.com.mx\/Portal\/2025\/10\/22\/paz-y-seguridad-una-agenda-prioritaria-lorenia-valles\/","title":{"rendered":"Paz y seguridad, una agenda prioritaria: Lorenia Valles"},"content":{"rendered":"<p>Una de las principales ocupaciones de los gobiernos de la Cuarta Transformaci\u00f3n ha sido garantizar la seguridad y la tranquilidad de las familias mexicanas, a trav\u00e9s de una estrategia nacional integrada por cuatro ejes: la atenci\u00f3n a las causas; la consolidaci\u00f3n de la Guardia Nacional; el fortalecimiento de las capacidades de investigaci\u00f3n y de inteligencia, y la coordinaci\u00f3n de los tres niveles de gobierno, coment\u00f3 la senadora por Sonora Lorenia Valles Sampedro<\/p>\n<p>\u201cComo parte de las facultades del Senado de la Rep\u00fablica, el pasado 30 de abril de 2025, aprobamos la Estrategia Nacional de Seguridad P\u00fablica 2024-2030, pol\u00edtica p\u00fablica que establece los objetivos y las lineas de acci\u00f3n para la prevenci\u00f3n, la investigaci\u00f3n y la sanci\u00f3n de los delitos,\u201d dijo la senadora.<\/p>\n<p>As\u00ed, este mi\u00e9rcoles, el titular de la Secretar\u00eda de Seguridad y Protecci\u00f3n Ciudadana, Omar Garc\u00eda Harfuch, compareci\u00f3 ante el Pleno del Senado de la Rep\u00fablica para rendir cuentas sobre los avances en materia de seguridad y de pacificaci\u00f3n del pa\u00eds, en el marco del Primer Informe de Gobierno de la presidenta Claudia Sheinbaum.<\/p>\n<p>\u201cComo coordinadora en jefe de la estrategia de seguridad, la presidenta de la Rep\u00fablica ha demostrado su compromiso con la seguridad de las familias mexicanas y la pacificaci\u00f3n del pa\u00eds al participar en las reuniones diarias del Gabinete de Seguridad, fortaleciendo los puentes de comunicaci\u00f3n entre las fuerzas de seguridad y de procuraci\u00f3n de justicia de los tres niveles de gobierno. Esfuerzo que est\u00e1 siendo respaldado por las y los gobernadores, como en Sonora con el gobernador Alfonso Durazo,\u201d sostuvo Valles Sampedro.<\/p>\n<p>Es importante destacar que, en la sesi\u00f3n plenaria, todas las fuerzas pol\u00edticas reconocieron el trabajo de seguridad p\u00fablica realizado durante el primer a\u00f1o de gobierno, el cual ha tenido resultados visibles en los estados y en los municipios gracias a la implementaci\u00f3n efectiva de los cuatro ejes mencionados.<\/p>\n<p>\u201cEntre los avances, destaca la reducci\u00f3n de los delitos de alto impacto comparando el periodo enero-septiembre de 2024 y 2025; como el robos con violencia, que disminuy\u00f3 48.5%; el robo a transe\u00fante con violencia, 45.3%; las lesiones dolosas por disparo de arma de fuego, 28.3%; el robo a casa habitaci\u00f3n con violencia, 52%,\u201d Se\u00f1al\u00f3 la senadora.<\/p>\n<p>Tambi\u00e9n agreg\u00f3 que baj\u00f3 el robo a negocio con violencia 56.6%; el secuestro extorsivo, 68.3%; el robo de veh\u00edculo con violencia, 43.9%; el robo a transportista con violencia, 51.1%; otros robos con violencia,48.3%; el feminicidio, 28.7%; y los homicidios dolosos 32%. Adem\u00e1s de la detenci\u00f3n de m\u00e1s de 34 mil personas por la comisi\u00f3n de estos delitos y el aseguramiento de m\u00e1s de 17 mil armas de fuego.<\/p>\n<p>\u201cDurante el primer a\u00f1o de la LXVI Legislatura, en el Senado de la Rep\u00fablica aprobamos diferentes reformas constitucionales y legales para fortalecer el dise\u00f1o institucional de la pol\u00edtica de seguridad p\u00fablica, a decir: la mencionada reforma constitucional para adscribir la Guardia Nacional a la SEDENA; el fortalecimiento de las capacidades de investigaci\u00f3n, de \u00f3rdenes de aprehensi\u00f3n y de inteligencia de la Secretar\u00eda de Seguridad y Protecci\u00f3n Ciudadana,\u201d finaliz\u00f3 Valles Sampedro.<\/p>\n","protected":false},"excerpt":{"rendered":"<p>Una de las principales ocupaciones de los gobiernos de la Cuarta Transformaci\u00f3n ha sido garantizar la seguridad y la tranquilidad de las familias mexicanas, a trav\u00e9s de una estrategia nacional integrada por cuatro ejes: la atenci\u00f3n a las causas; la consolidaci\u00f3n de la Guardia Nacional; el fortalecimiento de las capacidades de investigaci\u00f3n y de inteligencia, [&hellip;]<\/p>\n","protected":false},"author":2,"featured_media":233260,"comment_status":"closed","ping_status":"closed","sticky":false,"template":"","format":"standard","meta":{"footnotes":""},"categories":[12870,12868],"tags":[12865,12879],"class_list":["post-233259","post","type-post","status-publish","format-standard","has-post-thumbnail","hentry","category-destacadas","category-politica","tag-destacadas","tag-politica"],"jetpack_featured_media_url":"https:\/\/rnoticias.com.mx\/Portal\/wp-content\/uploads\/2025\/10\/f6bdcbc1-c35a-4028-a4cb-5286940bc5c3.jpeg","amp_enabled":true,"_links":{"self":[{"href":"https:\/\/rnoticias.com.mx\/Portal\/wp-json\/wp\/v2\/posts\/233259","targetHints":{"allow":["GET"]}}],"collection":[{"href":"https:\/\/rnoticias.com.mx\/Portal\/wp-json\/wp\/v2\/posts"}],"about":[{"href":"https:\/\/rnoticias.com.mx\/Portal\/wp-json\/wp\/v2\/types\/post"}],"author":[{"embeddable":true,"href":"https:\/\/rnoticias.com.mx\/Portal\/wp-json\/wp\/v2\/users\/2"}],"replies":[{"embeddable":true,"href":"https:\/\/rnoticias.com.mx\/Portal\/wp-json\/wp\/v2\/comments?post=233259"}],"version-history":[{"count":1,"href":"https:\/\/rnoticias.com.mx\/Portal\/wp-json\/wp\/v2\/posts\/233259\/revisions"}],"predecessor-version":[{"id":233261,"href":"https:\/\/rnoticias.com.mx\/Portal\/wp-json\/wp\/v2\/posts\/233259\/revisions\/233261"}],"wp:featuredmedia":[{"embeddable":true,"href":"https:\/\/rnoticias.com.mx\/Portal\/wp-json\/wp\/v2\/media\/233260"}],"wp:attachment":[{"href":"https:\/\/rnoticias.com.mx\/Portal\/wp-json\/wp\/v2\/media?parent=233259"}],"wp:term":[{"taxonomy":"category","embeddable":true,"href":"https:\/\/rnoticias.com.mx\/Portal\/wp-json\/wp\/v2\/categories?post=233259"},{"taxonomy":"post_tag","embeddable":true,"href":"https:\/\/rnoticias.com.mx\/Portal\/wp-json\/wp\/v2\/tags?post=233259"}],"curies":[{"name":"wp","href":"https:\/\/api.w.org\/{rel}","templated":true}]}}