{"id":233226,"date":"2025-10-22T16:05:44","date_gmt":"2025-10-22T23:05:44","guid":{"rendered":"https:\/\/rnoticias.com.mx\/Portal\/?p=233226"},"modified":"2025-10-22T16:05:44","modified_gmt":"2025-10-22T23:05:44","slug":"destaca-tono-astiazaran-talento-de-jovenes-en-premio-municipal-de-la-juventud-2025","status":"publish","type":"post","link":"https:\/\/rnoticias.com.mx\/Portal\/2025\/10\/22\/destaca-tono-astiazaran-talento-de-jovenes-en-premio-municipal-de-la-juventud-2025\/","title":{"rendered":"Destaca To\u00f1o Astiazar\u00e1n talento de j\u00f3venes en Premio Municipal de la Juventud 2025"},"content":{"rendered":"<p>Hermosillo, Sonora; 22 de octubre de 2015.- \u201cEste reconocimiento que ustedes han recibido, y adem\u00e1s quienes fueron ganadoras y ganadores de las diferentes categor\u00edas del premio, pero adem\u00e1s quienes hoy est\u00e1n aqu\u00ed y fueron reconocidos como finalistas para estar esta noche aqu\u00ed, ve\u00e1moslo no como un final cansado sino como el inicio de una oportunidad para contribuir desde nuestra trinchera con nuestra comunidad\u201d, expres\u00f3 Antonio Astiazar\u00e1n Guti\u00e9rrez a participantes en el Premio Municipal de la Juventud 2025.<\/p>\n<p>El presidente municipal de Hermosillo, Antonio Astiazar\u00e1n Guti\u00e9rrez, refrend\u00f3 el inter\u00e9s de su gobierno de escuchar y atender la voz de la juventud hermosillense que empuja por cambios positivos para s\u00ed mismos, sus familias y su ciudad, con resultados tangibles como el programa de electromovilidad para estudiantes universitarios H Bus, \u00fanico en su tipo en todo el pa\u00eds.<\/p>\n<p>Hizo notar que el Premio Municipal de la Juventud no era, como en la actualidad lo es, un programa institucional permanente, lo que garantiza su continuidad por parte de las siguientes administraciones municipales; que creci\u00f3 el n\u00famero de categor\u00edas y distinciones, acorde con los nuevos tiempos; aument\u00f3 la cifra de personas inscritas y la bolsa de recursos para distribuir tambi\u00e9n se increment\u00f3 significativamente, con apoyo de patrocinadores.<\/p>\n<p>Acompa\u00f1ado por Mar\u00eda Paula Astiazar\u00e1n Ruibal, presidenta del voluntariado juvenil de DIF Hermosillo, y Francisco Villaescusa Carrillo, director del Instituto Hermosillense de la Juventud (IHJ), To\u00f1o Astiazar\u00e1n entreg\u00f3 sus reconocimientos a quienes resultaron finalistas en las 13 distinciones de las 2 categor\u00edas y luego sus trofeos a las y los ganadores.<\/p>\n<p>El evento congreg\u00f3 a los 83 participantes acompa\u00f1ados de sus familias, en la escuela Bancaria y de Comercio EBC, campus Hermosillo, a donde tambi\u00e9n acudieron colaboradoras y colaboradores del Ayuntamiento, regidoras y regidores, invitados especiales y las y los integrantes del jurado calificador de este a\u00f1o.<\/p>\n<p>Antonio Astiazar\u00e1n agradeci\u00f3 al director de la instituci\u00f3n educativa, H\u00e9ctor Gabriel P\u00e9rez, a Francisco L\u00f3pez Moreno, director de operaciones, y todos quienes integran la comunidad escolar, por su anfitriona en instalaciones de primer nivel.<\/p>\n<p>Ganadoras y ganadores de la categor\u00eda IMPULSO (12 a 19 a\u00f1os de edad)<\/p>\n<p>Talento cient\u00edfico y Tecnol\u00f3gico: Luis Guillermo Garc\u00eda Flores<br \/>\nSustentabilidad y Medio Ambiente: Elian Alberto Miranda Valenzuela<br \/>\nInclusi\u00f3n y Discapacidad: Esteban Esquerra Reynoso<br \/>\nArte y Cultura: Marielisa Portillo Ter\u00e1n<br \/>\nGeneraci\u00f3n de Contenido: Cristian Johan Pulido Burgos<br \/>\nLogro Acad\u00e9mico: Maximiliano Flores G\u00f3mez (Con calificaci\u00f3n perfecta de 100)<\/p>\n<p>Ganadoras y ganadores de la categor\u00eda TRASCENDENCIA (de 20 a 29 a\u00f1os de edad)<br \/>\nLiderazgo Ambiental: Luis Carlos Duarte Mart\u00ednez<br \/>\nImpacto Digital: Jos\u00e9 Alonso Yocupicio Dimas<br \/>\nInnovaci\u00f3n Tecnol\u00f3gica: Diego Ceciliano D\u00edaz<br \/>\nAcci\u00f3n Inclusiva: Gustavo Buelna L\u00f3pez<br \/>\nExpresi\u00f3n Art\u00edstica y Cultural: Nelson Ahmed Mend\u00edvil Nieblas<br \/>\nIdentidad y Ra\u00edces: Bryan Eduardo Oth\u00f3n Arvayo<br \/>\nJuventud Emprendedora: Iovanna Barrag\u00e1n L\u00f3pez<\/p>\n","protected":false},"excerpt":{"rendered":"<p>Hermosillo, Sonora; 22 de octubre de 2015.- \u201cEste reconocimiento que ustedes han recibido, y adem\u00e1s quienes fueron ganadoras y ganadores de las diferentes categor\u00edas del premio, pero adem\u00e1s quienes hoy est\u00e1n aqu\u00ed y fueron reconocidos como finalistas para estar esta noche aqu\u00ed, ve\u00e1moslo no como un final cansado sino como el inicio de una oportunidad [&hellip;]<\/p>\n","protected":false},"author":2,"featured_media":233227,"comment_status":"closed","ping_status":"closed","sticky":false,"template":"","format":"standard","meta":{"footnotes":""},"categories":[12870,178],"tags":[12865,12869],"class_list":["post-233226","post","type-post","status-publish","format-standard","has-post-thumbnail","hentry","category-destacadas","category-local","tag-destacadas","tag-local"],"jetpack_featured_media_url":"https:\/\/rnoticias.com.mx\/Portal\/wp-content\/uploads\/2025\/10\/d330e85c-4a78-4560-b177-f85468e06ef6-scaled.jpeg","amp_enabled":true,"_links":{"self":[{"href":"https:\/\/rnoticias.com.mx\/Portal\/wp-json\/wp\/v2\/posts\/233226","targetHints":{"allow":["GET"]}}],"collection":[{"href":"https:\/\/rnoticias.com.mx\/Portal\/wp-json\/wp\/v2\/posts"}],"about":[{"href":"https:\/\/rnoticias.com.mx\/Portal\/wp-json\/wp\/v2\/types\/post"}],"author":[{"embeddable":true,"href":"https:\/\/rnoticias.com.mx\/Portal\/wp-json\/wp\/v2\/users\/2"}],"replies":[{"embeddable":true,"href":"https:\/\/rnoticias.com.mx\/Portal\/wp-json\/wp\/v2\/comments?post=233226"}],"version-history":[{"count":1,"href":"https:\/\/rnoticias.com.mx\/Portal\/wp-json\/wp\/v2\/posts\/233226\/revisions"}],"predecessor-version":[{"id":233228,"href":"https:\/\/rnoticias.com.mx\/Portal\/wp-json\/wp\/v2\/posts\/233226\/revisions\/233228"}],"wp:featuredmedia":[{"embeddable":true,"href":"https:\/\/rnoticias.com.mx\/Portal\/wp-json\/wp\/v2\/media\/233227"}],"wp:attachment":[{"href":"https:\/\/rnoticias.com.mx\/Portal\/wp-json\/wp\/v2\/media?parent=233226"}],"wp:term":[{"taxonomy":"category","embeddable":true,"href":"https:\/\/rnoticias.com.mx\/Portal\/wp-json\/wp\/v2\/categories?post=233226"},{"taxonomy":"post_tag","embeddable":true,"href":"https:\/\/rnoticias.com.mx\/Portal\/wp-json\/wp\/v2\/tags?post=233226"}],"curies":[{"name":"wp","href":"https:\/\/api.w.org\/{rel}","templated":true}]}}