{"id":233223,"date":"2025-10-22T12:37:41","date_gmt":"2025-10-22T19:37:41","guid":{"rendered":"https:\/\/rnoticias.com.mx\/Portal\/?p=233223"},"modified":"2025-10-22T12:37:41","modified_gmt":"2025-10-22T19:37:41","slug":"lupillo-rivera-se-deslinda-de-posible-filtracion-de-videos-intimos-con-belinda","status":"publish","type":"post","link":"https:\/\/rnoticias.com.mx\/Portal\/2025\/10\/22\/lupillo-rivera-se-deslinda-de-posible-filtracion-de-videos-intimos-con-belinda\/","title":{"rendered":"Lupillo Rivera se deslinda de posible filtraci\u00f3n de videos \u00edntimos con Belinda"},"content":{"rendered":"<p><mark><strong>Sigue el pleito legal entre los cantantes Lupillo Rivera y Belinda.<\/strong><\/mark>\u00a0En un encuentro con la prensa, Alonso Beceiro, abogado del cantante, desmarc\u00f3 a su cliente de cualquier responsabilidad, si se llegan a filtrar videos \u00edntimos.\u00a0<strong>\u00bfLa raz\u00f3n? Al int\u00e9rprete le robaron el celular.\u00a0<\/strong><\/p>\n<p>Beceiro fue enf\u00e1tico: Lupillo fue v\u00edctima de un robo de su dispositivo m\u00f3vil,\u00a0<mark><strong>donde guardaba material personal con Belinda<\/strong><\/mark>. &#8220;M\u00e9xico es un pa\u00eds que, desgraciadamente, en el d\u00eda a d\u00eda sucede este tipo de situaciones, no nada m\u00e1s de p\u00e9rdidas, sino de robo, sobre todo, de dispositivos m\u00f3viles&#8221;, se\u00f1al\u00f3 el abogado.<\/p>\n<p>De este modo,\u00a0<strong>si los hackers acceden al material, la culpa no es del artista<\/strong>. &#8220;No es responsabilidad de la persona que es v\u00edctima del delito&#8221;, indic\u00f3.<\/p>\n<p>&nbsp;<\/p>\n<h2>Medidas de la Polic\u00eda Cibern\u00e9tica<\/h2>\n<p>Ante ello, dijo el abogado,\u00a0<strong>se activaron mecanismos legales y tecnol\u00f3gicos con la Polic\u00eda Cibern\u00e9tica<\/strong>\u00a0para que &#8220;una imagen, en cuanto suba,\u00a0<mark><strong>la detecte el gobierno federal y la baje de inmediato<\/strong><\/mark>\u00a0antes de que salga a p\u00e1ginas&#8221;.<\/p>\n<p>El equipo de Rivera tambi\u00e9n abund\u00f3 que\u00a0<strong>seguir\u00e1 su estrategia para contrarrestar la demanda de Belinda\u00a0<\/strong>por violencia digital, pues, seg\u00fan Beceiro, la actriz cay\u00f3 en contradicciones sobre la naturaleza de su relaci\u00f3n: &#8220;Primero dice Belinda, en su denuncia, que tuvo una relaci\u00f3n de car\u00e1cter sentimental. Luego, dice que nada m\u00e1s tuvo una relaci\u00f3n de car\u00e1cter laboral. Ya hay una falsedad&#8221;.<\/p>\n","protected":false},"excerpt":{"rendered":"<p>Sigue el pleito legal entre los cantantes Lupillo Rivera y Belinda.\u00a0En un encuentro con la prensa, Alonso Beceiro, abogado del cantante, desmarc\u00f3 a su cliente de cualquier responsabilidad, si se llegan a filtrar videos \u00edntimos.\u00a0\u00bfLa raz\u00f3n? Al int\u00e9rprete le robaron el celular.\u00a0 Beceiro fue enf\u00e1tico: Lupillo fue v\u00edctima de un robo de su dispositivo m\u00f3vil,\u00a0donde [&hellip;]<\/p>\n","protected":false},"author":2,"featured_media":233224,"comment_status":"closed","ping_status":"closed","sticky":false,"template":"","format":"standard","meta":{"footnotes":""},"categories":[12870,219],"tags":[12865,12875],"class_list":["post-233223","post","type-post","status-publish","format-standard","has-post-thumbnail","hentry","category-destacadas","category-espectaculos","tag-destacadas","tag-espectaculos"],"jetpack_featured_media_url":"https:\/\/rnoticias.com.mx\/Portal\/wp-content\/uploads\/2025\/10\/lupillo-celular.webp","amp_enabled":true,"_links":{"self":[{"href":"https:\/\/rnoticias.com.mx\/Portal\/wp-json\/wp\/v2\/posts\/233223","targetHints":{"allow":["GET"]}}],"collection":[{"href":"https:\/\/rnoticias.com.mx\/Portal\/wp-json\/wp\/v2\/posts"}],"about":[{"href":"https:\/\/rnoticias.com.mx\/Portal\/wp-json\/wp\/v2\/types\/post"}],"author":[{"embeddable":true,"href":"https:\/\/rnoticias.com.mx\/Portal\/wp-json\/wp\/v2\/users\/2"}],"replies":[{"embeddable":true,"href":"https:\/\/rnoticias.com.mx\/Portal\/wp-json\/wp\/v2\/comments?post=233223"}],"version-history":[{"count":1,"href":"https:\/\/rnoticias.com.mx\/Portal\/wp-json\/wp\/v2\/posts\/233223\/revisions"}],"predecessor-version":[{"id":233225,"href":"https:\/\/rnoticias.com.mx\/Portal\/wp-json\/wp\/v2\/posts\/233223\/revisions\/233225"}],"wp:featuredmedia":[{"embeddable":true,"href":"https:\/\/rnoticias.com.mx\/Portal\/wp-json\/wp\/v2\/media\/233224"}],"wp:attachment":[{"href":"https:\/\/rnoticias.com.mx\/Portal\/wp-json\/wp\/v2\/media?parent=233223"}],"wp:term":[{"taxonomy":"category","embeddable":true,"href":"https:\/\/rnoticias.com.mx\/Portal\/wp-json\/wp\/v2\/categories?post=233223"},{"taxonomy":"post_tag","embeddable":true,"href":"https:\/\/rnoticias.com.mx\/Portal\/wp-json\/wp\/v2\/tags?post=233223"}],"curies":[{"name":"wp","href":"https:\/\/api.w.org\/{rel}","templated":true}]}}