{"id":233220,"date":"2025-10-22T12:35:55","date_gmt":"2025-10-22T19:35:55","guid":{"rendered":"https:\/\/rnoticias.com.mx\/Portal\/?p=233220"},"modified":"2025-10-22T12:35:55","modified_gmt":"2025-10-22T19:35:55","slug":"seran-23-candidatos-los-que-participan-en-eleccion-del-premio-estatal-del-deporte-2025","status":"publish","type":"post","link":"https:\/\/rnoticias.com.mx\/Portal\/2025\/10\/22\/seran-23-candidatos-los-que-participan-en-eleccion-del-premio-estatal-del-deporte-2025\/","title":{"rendered":"Ser\u00e1n 23 candidatos los que participan en elecci\u00f3n del Premio Estatal del Deporte 2025"},"content":{"rendered":"<p>Hermosillo, Sonora, 22 de octubre del 2025.- Un total de 23 candidatos participar\u00e1n en la elecci\u00f3n del Premio Estatal del Deporte 2025, en donde quedar\u00e1n definidos los ganadores en las categor\u00edas de Atleta, Entrenador y Prospecto (15 a\u00f1os y menores).<\/p>\n<p>La votaci\u00f3n ser\u00e1 a las 11:00 de la ma\u00f1ana del pr\u00f3ximo jueves 23 de octubre, tomando en cuenta que competir\u00e1n 18 atletas y 5 entrenadores, en busca de convertirse en los mejores en su rama en la entidad. El galard\u00f3n repartir\u00e1 190 mil pesos a los ganadores.<\/p>\n<p>En el rubro de Atleta estar\u00e1n: Amy Campillo (karate), Ana Carolina Herrera (karate), Sof\u00eda Ibarra (tiro deportivo), Argentina Ung (volibol), Rosa Isela Rasc\u00f3n (paranataci\u00f3n), Yalitzia Guadalupe Castillo (paratletismo), \u00c9rika Mantilla (atletismo) e \u00cdker Castillo (luchas asociadas).<\/p>\n<p>Adem\u00e1s de Ra\u00fal Castillo (luchas asociadas), Pa\u00fal Antonio Rodr\u00edguez (tiro con arco), Ram\u00f3n \u00c1ngel Godoy (paratletismo), Jos\u00e9 Miguel Rend\u00f3n (tiro con arco), David Valdez (tiro deportivo), Carolina Lucero Gurrola (basquetbol), Rub\u00e9n Dar\u00edo Villa (handball), Ana Yadira Estrella (softbol), Danna Ram\u00edrez (atletismo) y Yazid Sayumi V\u00e1zquez (taekwondo).<\/p>\n<p>Mientras que en la especialidad de Entrenador aparecer\u00e1n en las papeletas de votaci\u00f3n: Francisca Dortic\u00f3s (paratletismo), Ricardo Campillo (karate), Ibeth Mart\u00ednez (levantamiento de pesas), Carlos Enrique Garc\u00eda (atletismo) y Al\u00e1n Renato Molina (karate).<\/p>\n<p>Un jurado integrado por diez miembros elegir\u00e1 a los tres primeros lugares en las modalidades de Atleta y Entrenador, mientras que en la de Prospecto (15 a\u00f1os y menores), s\u00f3lo se reconocer\u00e1 al m\u00e1s votado.<\/p>\n","protected":false},"excerpt":{"rendered":"<p>Hermosillo, Sonora, 22 de octubre del 2025.- Un total de 23 candidatos participar\u00e1n en la elecci\u00f3n del Premio Estatal del Deporte 2025, en donde quedar\u00e1n definidos los ganadores en las categor\u00edas de Atleta, Entrenador y Prospecto (15 a\u00f1os y menores). La votaci\u00f3n ser\u00e1 a las 11:00 de la ma\u00f1ana del pr\u00f3ximo jueves 23 de octubre, [&hellip;]<\/p>\n","protected":false},"author":2,"featured_media":233221,"comment_status":"closed","ping_status":"closed","sticky":false,"template":"","format":"standard","meta":{"footnotes":""},"categories":[188,12870],"tags":[5231,12865],"class_list":["post-233220","post","type-post","status-publish","format-standard","has-post-thumbnail","hentry","category-deportes","category-destacadas","tag-deportes","tag-destacadas"],"jetpack_featured_media_url":"https:\/\/rnoticias.com.mx\/Portal\/wp-content\/uploads\/2025\/10\/222.jpg","amp_enabled":true,"_links":{"self":[{"href":"https:\/\/rnoticias.com.mx\/Portal\/wp-json\/wp\/v2\/posts\/233220","targetHints":{"allow":["GET"]}}],"collection":[{"href":"https:\/\/rnoticias.com.mx\/Portal\/wp-json\/wp\/v2\/posts"}],"about":[{"href":"https:\/\/rnoticias.com.mx\/Portal\/wp-json\/wp\/v2\/types\/post"}],"author":[{"embeddable":true,"href":"https:\/\/rnoticias.com.mx\/Portal\/wp-json\/wp\/v2\/users\/2"}],"replies":[{"embeddable":true,"href":"https:\/\/rnoticias.com.mx\/Portal\/wp-json\/wp\/v2\/comments?post=233220"}],"version-history":[{"count":1,"href":"https:\/\/rnoticias.com.mx\/Portal\/wp-json\/wp\/v2\/posts\/233220\/revisions"}],"predecessor-version":[{"id":233222,"href":"https:\/\/rnoticias.com.mx\/Portal\/wp-json\/wp\/v2\/posts\/233220\/revisions\/233222"}],"wp:featuredmedia":[{"embeddable":true,"href":"https:\/\/rnoticias.com.mx\/Portal\/wp-json\/wp\/v2\/media\/233221"}],"wp:attachment":[{"href":"https:\/\/rnoticias.com.mx\/Portal\/wp-json\/wp\/v2\/media?parent=233220"}],"wp:term":[{"taxonomy":"category","embeddable":true,"href":"https:\/\/rnoticias.com.mx\/Portal\/wp-json\/wp\/v2\/categories?post=233220"},{"taxonomy":"post_tag","embeddable":true,"href":"https:\/\/rnoticias.com.mx\/Portal\/wp-json\/wp\/v2\/tags?post=233220"}],"curies":[{"name":"wp","href":"https:\/\/api.w.org\/{rel}","templated":true}]}}