{"id":233207,"date":"2025-10-22T09:01:13","date_gmt":"2025-10-22T16:01:13","guid":{"rendered":"https:\/\/rnoticias.com.mx\/Portal\/?p=233207"},"modified":"2025-10-22T09:01:13","modified_gmt":"2025-10-22T16:01:13","slug":"oficial-laliga-cancela-el-villarreal-barcelona-en-miami","status":"publish","type":"post","link":"https:\/\/rnoticias.com.mx\/Portal\/2025\/10\/22\/oficial-laliga-cancela-el-villarreal-barcelona-en-miami\/","title":{"rendered":"\u00a1Oficial! LaLiga cancela el Villarreal-Barcelona en Miami"},"content":{"rendered":"<p>LaLiga ha anunciado este martes que\u00a0<strong>ha decidido cancelar el partido de la decimos\u00e9ptima jornada de Primera Divisi\u00f3n que ten\u00eda previsto que se jugase en diciembre en Miami (Estados Unidos) entre el Villarreal y el Barcelona<\/strong>\u00a0&#8220;debido a la incertidumbre generada en Espa\u00f1a durante las \u00faltimas semanas&#8221;.<\/p>\n<p>En un comunicado, LaLiga informa de que, &#8220;tras conversaciones con la promotora del Partido Oficial de LaLIGA en Miami, \u00e9sta ha comunicado su decisi\u00f3n de cancelar la organizaci\u00f3n del evento debido a la incertidumbre generada en Espa\u00f1a durante las \u00faltimas semanas&#8221;.<\/p>\n<p>LaLiga agrega que &#8220;l<strong>amenta profundamente que este proyecto, que representaba una oportunidad hist\u00f3rica e inigualable para la internacionalizaci\u00f3n del f\u00fatbol espa\u00f1ol, no pueda seguir adelante&#8221;.<\/strong><\/p>\n<p>A juicio de LaLiga, &#8220;el proyecto cumpl\u00eda plenamente con la reglamentaci\u00f3n federativa y no afectaba a la integridad de la competici\u00f3n, tal y como han ratificado las instituciones competentes que velan por su cumplimiento, las cuales se opon\u00edan por otras circunstancias&#8221;.<\/p>\n<p><strong>Esta decisi\u00f3n llega luego de las protestas realizadas por todos los equipos de LaLiga durante la pasada jornada, donde se alzaban en contra de la realizaci\u00f3n de este compromiso en territorio que no sea espa\u00f1ol.<\/strong><\/p>\n<p>&nbsp;<\/p>\n<p>&nbsp;<\/p>\n<p>Fuente: EFE<\/p>\n","protected":false},"excerpt":{"rendered":"<p>LaLiga ha anunciado este martes que\u00a0ha decidido cancelar el partido de la decimos\u00e9ptima jornada de Primera Divisi\u00f3n que ten\u00eda previsto que se jugase en diciembre en Miami (Estados Unidos) entre el Villarreal y el Barcelona\u00a0&#8220;debido a la incertidumbre generada en Espa\u00f1a durante las \u00faltimas semanas&#8221;. En un comunicado, LaLiga informa de que, &#8220;tras conversaciones con [&hellip;]<\/p>\n","protected":false},"author":2,"featured_media":233209,"comment_status":"closed","ping_status":"closed","sticky":false,"template":"","format":"standard","meta":{"footnotes":""},"categories":[188,12870],"tags":[5231,12865],"class_list":["post-233207","post","type-post","status-publish","format-standard","has-post-thumbnail","hentry","category-deportes","category-destacadas","tag-deportes","tag-destacadas"],"jetpack_featured_media_url":"https:\/\/rnoticias.com.mx\/Portal\/wp-content\/uploads\/2025\/10\/ultima-hora-laliga-cancela-el-villarreal-vs-barcelona-en-miami-video.webp","amp_enabled":true,"_links":{"self":[{"href":"https:\/\/rnoticias.com.mx\/Portal\/wp-json\/wp\/v2\/posts\/233207","targetHints":{"allow":["GET"]}}],"collection":[{"href":"https:\/\/rnoticias.com.mx\/Portal\/wp-json\/wp\/v2\/posts"}],"about":[{"href":"https:\/\/rnoticias.com.mx\/Portal\/wp-json\/wp\/v2\/types\/post"}],"author":[{"embeddable":true,"href":"https:\/\/rnoticias.com.mx\/Portal\/wp-json\/wp\/v2\/users\/2"}],"replies":[{"embeddable":true,"href":"https:\/\/rnoticias.com.mx\/Portal\/wp-json\/wp\/v2\/comments?post=233207"}],"version-history":[{"count":1,"href":"https:\/\/rnoticias.com.mx\/Portal\/wp-json\/wp\/v2\/posts\/233207\/revisions"}],"predecessor-version":[{"id":233210,"href":"https:\/\/rnoticias.com.mx\/Portal\/wp-json\/wp\/v2\/posts\/233207\/revisions\/233210"}],"wp:featuredmedia":[{"embeddable":true,"href":"https:\/\/rnoticias.com.mx\/Portal\/wp-json\/wp\/v2\/media\/233209"}],"wp:attachment":[{"href":"https:\/\/rnoticias.com.mx\/Portal\/wp-json\/wp\/v2\/media?parent=233207"}],"wp:term":[{"taxonomy":"category","embeddable":true,"href":"https:\/\/rnoticias.com.mx\/Portal\/wp-json\/wp\/v2\/categories?post=233207"},{"taxonomy":"post_tag","embeddable":true,"href":"https:\/\/rnoticias.com.mx\/Portal\/wp-json\/wp\/v2\/tags?post=233207"}],"curies":[{"name":"wp","href":"https:\/\/api.w.org\/{rel}","templated":true}]}}