{"id":233198,"date":"2025-10-22T08:36:11","date_gmt":"2025-10-22T15:36:11","guid":{"rendered":"https:\/\/rnoticias.com.mx\/Portal\/?p=233198"},"modified":"2025-10-22T08:36:11","modified_gmt":"2025-10-22T15:36:11","slug":"refrendan-ine-y-tse-de-guatemala-alianza-estrategica-mediante-convenio-de-colaboracion-para-fortalecer-democracia","status":"publish","type":"post","link":"https:\/\/rnoticias.com.mx\/Portal\/2025\/10\/22\/refrendan-ine-y-tse-de-guatemala-alianza-estrategica-mediante-convenio-de-colaboracion-para-fortalecer-democracia\/","title":{"rendered":"Refrendan INE y TSE de Guatemala alianza estrat\u00e9gica mediante convenio de colaboraci\u00f3n para fortalecer democracia"},"content":{"rendered":"<p class=\"x_MsoNormal\"><span data-olk-copy-source=\"MessageBody\">Como parte de la estrecha vinculaci\u00f3n que sostienen desde hace m\u00e1s de 30 a\u00f1os, el Instituto Nacional Electoral (INE) y el Tribunal Supremo Electoral (TSE) de Guatemala suscribieron un Acuerdo de Cooperaci\u00f3n T\u00e9cnica, con el objetivo de desarrollar acciones de colaboraci\u00f3n e identificar espacios para el intercambio de informaci\u00f3n y de experiencias entre ambas instituciones.<\/span><\/p>\n<p class=\"x_MsoNormal\">\n<p class=\"x_MsoNormal\">La firma del convenio de colaboraci\u00f3n se llev\u00f3 a cabo en la sede del INE, y estuvo encabezada por la Consejera Presidenta de este Instituto, Guadalupe Taddei Zavala, y la Magistrada en funciones de Presidenta del TSE de Guatemala, Blanca Alfaro Guerra, quienes estuvieron acompa\u00f1adas de la Coordinadora de Asuntos Internacionales del \u00f3rgano aut\u00f3nomo mexicano, Marisa Arlene Cabral Porchas, as\u00ed como de personas funcionarias del Tribunal Supremo Electoral y personas representantes de partidos pol\u00edticos de Guatemala.<\/p>\n<p class=\"x_MsoNormal\">\n<p class=\"x_MsoNormal\">Durante su intervenci\u00f3n, la Consejera Presidenta del INE enfatiz\u00f3 que la firma del Acuerdo es la reafirmaci\u00f3n de una alianza estrat\u00e9gica entre dos instituciones pilares de la democracia en M\u00e9xico y Guatemala, y constata que, en un mundo de desaf\u00edos complejos, la colaboraci\u00f3n y el aprendizaje mutuo son el camino m\u00e1s seguro para fortalecer la vida democr\u00e1tica de ambas naciones.<\/p>\n<p class=\"x_MsoNormal\">\n<p class=\"x_MsoNormal\">\u201cHoy celebramos la continuidad de un di\u00e1logo fruct\u00edfero que nos ha permitido el aprendizaje rec\u00edproco en materia electoral y que, estamos seguros, seguir\u00e1 rindiendo frutos para el perfeccionamiento de nuestros sistemas electorales. Y es que tanto el Tribunal Supremo Electoral como el INE compartimos una responsabilidad fundamental: garantizar que la voluntad ciudadana, expresada en las urnas, se traduzca en una representaci\u00f3n leg\u00edtima y pac\u00edfica\u201d, expuso Taddei Zavala.<\/p>\n<p class=\"x_MsoNormal\">\n<p class=\"x_MsoNormal\">A su vez, la Magistrada en funciones de Presidenta del TSE destac\u00f3 la importancia de que existan los \u00f3rganos electorales y reconoci\u00f3 en particular la funci\u00f3n del INE para consolidar el papel que desempe\u00f1an los partidos pol\u00edticos y la ciudadan\u00eda en el fortalecimiento de la democracia, as\u00ed como para legitimar las elecciones mediante la participaci\u00f3n masiva de las personas votantes.<\/p>\n<p class=\"x_MsoNormal\">\n<p class=\"x_MsoNormal\">\u201cHemos aprendido tambi\u00e9n a respetarles porque cada d\u00eda han trabajado con los temas de equidad, con los temas de la justicia social\u201d, expres\u00f3 Alfaro Guerra, quien a\u00f1adi\u00f3 que \u201csabemos nosotros que, dentro del orden democr\u00e1tico, juntos tenemos que trabajar para un mundo mejor, para consolidar la paz\u201d.<\/p>\n<p class=\"x_MsoNormal\">\n<p class=\"x_MsoNormal\">A partir del Acuerdo de Cooperaci\u00f3n T\u00e9cnica, cuya vigencia es de tres a\u00f1os, el INE y el TSE trabajar\u00e1n conjuntamente en acciones sobre el uso de herramientas tecnol\u00f3gicas para la gesti\u00f3n electoral; medidas para combatir las noticias falsas y la desinformaci\u00f3n en materia electoral; el acceso de partidos y candidatos a los medios y el monitoreo de campa\u00f1as electorales.<\/p>\n<p class=\"x_MsoNormal\">\n<p class=\"x_MsoNormal\">Adem\u00e1s, la cooperaci\u00f3n entre ambos organismos contribuir\u00e1 al desarrollo de estrategias institucionales para la participaci\u00f3n efectiva de la mujer en pol\u00edtica y para combatir la violencia pol\u00edtica de g\u00e9nero, as\u00ed como de acciones de colaboraci\u00f3n e intercambio internacional.<\/p>\n<p class=\"x_MsoNormal\">\n<p class=\"x_MsoNormal\">En su oportunidad, la Coordinadora de Asuntos Internacionales del Instituto refiri\u00f3 que este es el tercer Acuerdo de Cooperaci\u00f3n T\u00e9cnica entre el INE y el TSE de Guatemala, en los cuales se ha trabajado previamente en el desarrollo de acciones de intercambio en materia de administraci\u00f3n de elecciones y el fortalecimiento de instituciones electorales, para lo cual suscribieron convenios de colaboraci\u00f3n en 2017 y 2022.<\/p>\n<p class=\"x_MsoNormal\">\n<p class=\"x_MsoNormal\">\u201cEvidentemente (este acuerdo) no s\u00f3lo fortalece a uno de los dos \u00f3rganos electorales, sino que nos fortalece a ambos porque al final, la cooperaci\u00f3n y la coordinaci\u00f3n nos ayuda a entender el proceso y las acciones desde diferentes \u00e1ngulos\u201d, mencion\u00f3 Cabral Porchas.<\/p>\n<p class=\"x_MsoNormal\">\n<p class=\"x_MsoNormal\"><b><i>Capacitaci\u00f3n al personal del TSE<\/i><\/b><\/p>\n<p class=\"x_MsoNormal\"><b><i>\u00a0<\/i><\/b><\/p>\n<p class=\"x_MsoNormal\">Tras la firma del Acuerdo de Cooperaci\u00f3n T\u00e9cnica, se llev\u00f3 a cabo la quinta y \u00faltima sesi\u00f3n del Taller internacional sobre democracia, elecciones e inteligencia artificial, realizado desde el pasado 22 de septiembre y en el que participaron 27 asistentes, de las cuales 17 son personas funcionarias del TSE y 10 representantes de partidos pol\u00edticos de Guatemala.<\/p>\n<p class=\"x_MsoNormal\">\n<p class=\"x_MsoNormal\">Dicho intercambio tiene el objetivo de presentar las experiencias del INE en el marco general de regulaci\u00f3n en materia de libertad de expresi\u00f3n y comunicaci\u00f3n pol\u00edtica durante los procesos electorales, destacando la importancia del equilibrio entre la libertad de expresi\u00f3n y la equidad en la contienda, con la finalidad de colaborar con el TSE de Guatemala en el marco de su pr\u00f3ximo proceso electoral, que se llevar\u00e1 a cabo en 2027.<\/p>\n<p class=\"x_MsoNormal\">\n<p class=\"x_MsoNormal\">Adem\u00e1s, mediante la capacitaci\u00f3n a personal del TSE de Guatemala, se busca informar acerca del potencial positivo, riesgos y retos de la Inteligencia Artificial en los procesos electorales, as\u00ed como sensibilizar a actores externos al \u00f3rgano electoral, pero con experiencia en materia electoral, sobre el papel de la Inteligencia Artificial.<\/p>\n","protected":false},"excerpt":{"rendered":"<p>Como parte de la estrecha vinculaci\u00f3n que sostienen desde hace m\u00e1s de 30 a\u00f1os, el Instituto Nacional Electoral (INE) y el Tribunal Supremo Electoral (TSE) de Guatemala suscribieron un Acuerdo de Cooperaci\u00f3n T\u00e9cnica, con el objetivo de desarrollar acciones de colaboraci\u00f3n e identificar espacios para el intercambio de informaci\u00f3n y de experiencias entre ambas instituciones. [&hellip;]<\/p>\n","protected":false},"author":2,"featured_media":233199,"comment_status":"closed","ping_status":"closed","sticky":false,"template":"","format":"standard","meta":{"footnotes":""},"categories":[12870,12868],"tags":[12865,12879],"class_list":["post-233198","post","type-post","status-publish","format-standard","has-post-thumbnail","hentry","category-destacadas","category-politica","tag-destacadas","tag-politica"],"jetpack_featured_media_url":"https:\/\/rnoticias.com.mx\/Portal\/wp-content\/uploads\/2025\/10\/Firma-del-Acuerdo-de-Cooperacion-INE-Tribunal-Superior-de-Guatemala-.jpeg","amp_enabled":true,"_links":{"self":[{"href":"https:\/\/rnoticias.com.mx\/Portal\/wp-json\/wp\/v2\/posts\/233198","targetHints":{"allow":["GET"]}}],"collection":[{"href":"https:\/\/rnoticias.com.mx\/Portal\/wp-json\/wp\/v2\/posts"}],"about":[{"href":"https:\/\/rnoticias.com.mx\/Portal\/wp-json\/wp\/v2\/types\/post"}],"author":[{"embeddable":true,"href":"https:\/\/rnoticias.com.mx\/Portal\/wp-json\/wp\/v2\/users\/2"}],"replies":[{"embeddable":true,"href":"https:\/\/rnoticias.com.mx\/Portal\/wp-json\/wp\/v2\/comments?post=233198"}],"version-history":[{"count":1,"href":"https:\/\/rnoticias.com.mx\/Portal\/wp-json\/wp\/v2\/posts\/233198\/revisions"}],"predecessor-version":[{"id":233200,"href":"https:\/\/rnoticias.com.mx\/Portal\/wp-json\/wp\/v2\/posts\/233198\/revisions\/233200"}],"wp:featuredmedia":[{"embeddable":true,"href":"https:\/\/rnoticias.com.mx\/Portal\/wp-json\/wp\/v2\/media\/233199"}],"wp:attachment":[{"href":"https:\/\/rnoticias.com.mx\/Portal\/wp-json\/wp\/v2\/media?parent=233198"}],"wp:term":[{"taxonomy":"category","embeddable":true,"href":"https:\/\/rnoticias.com.mx\/Portal\/wp-json\/wp\/v2\/categories?post=233198"},{"taxonomy":"post_tag","embeddable":true,"href":"https:\/\/rnoticias.com.mx\/Portal\/wp-json\/wp\/v2\/tags?post=233198"}],"curies":[{"name":"wp","href":"https:\/\/api.w.org\/{rel}","templated":true}]}}