{"id":233192,"date":"2025-10-22T08:19:54","date_gmt":"2025-10-22T15:19:54","guid":{"rendered":"https:\/\/rnoticias.com.mx\/Portal\/?p=233192"},"modified":"2025-10-22T08:19:54","modified_gmt":"2025-10-22T15:19:54","slug":"mariah-carey-ha-sido-designada-persona-del-ano-2026-por-musicares","status":"publish","type":"post","link":"https:\/\/rnoticias.com.mx\/Portal\/2025\/10\/22\/mariah-carey-ha-sido-designada-persona-del-ano-2026-por-musicares\/","title":{"rendered":"Mariah Carey ha sido designada Persona del A\u00f1o 2026 por MusiCares"},"content":{"rendered":"<p><strong>Mariah Carey ha sido nombrada Persona del A\u00f1o 2026 por MusiCares,\u00a0<\/strong>en reconocimiento a su destacada trayectoria art\u00edstica y su labor filantr\u00f3pica, inform\u00f3 este martes la Academia de la Grabaci\u00f3n.<\/p>\n<p>La cantante recibir\u00e1 el homenaje durante la 35\u00aa gala que se celebrar\u00e1 dos d\u00edas antes de los premios Grammy, en el Centro de Convenciones de Los \u00c1ngeles.<\/p>\n<p><strong>&#8220;La influencia de Mariah Carey va mucho m\u00e1s all\u00e1 de su extraordinario talento art\u00edstico. Ha utilizado su plataforma constantemente para brindar apoyo tangible a las comunidades, ya sea a trav\u00e9s de ayuda en caso de desastre, empoderamiento juvenil o programas que ayudan a quienes enfrentan barreras para acceder a oportunidades&#8221;<\/strong>, expres\u00f3 Theresa Wolters, directora ejecutiva de MusiCares en un comunicado.<\/p>\n<p>&#8220;Honrarla como Persona del A\u00f1o celebra tanto su incre\u00edble legado musical como su dedicaci\u00f3n a marcar una diferencia&#8221;, a\u00f1adi\u00f3 la directora.<\/p>\n<p>Entre las labores filantr\u00f3picas m\u00e1s destacadas de Mariah Carey se encuentra el apoyo que brind\u00f3 a comunidades afectadas por el hurac\u00e1n Katrina y la pandemia de COVID-19, as\u00ed como la creaci\u00f3n del Camp Mariah, en colaboraci\u00f3n con la organizaci\u00f3n Fresh Air Fund, que ofrece oportunidades a j\u00f3venes en situaci\u00f3n vulnerable.<\/p>\n<p><strong>La gala Persona del A\u00f1o tuvo su primera edici\u00f3n en 1991 y se encarga de recaudar fondos para apoyar los programas de MusiCares, incluyendo servicios de salud y bienestar,<\/strong>\u00a0recuperaci\u00f3n de adicciones, atenci\u00f3n preventiva, ayuda en caso de desastre y apoyo de emergencia para profesionales de la m\u00fasica.<\/p>\n<p><strong>Carey se unir\u00e1 el viernes 30 de enero de 2026 a una lista de homenajeados entre los que se incluyen artistas como Joni Mitchell, Jon Bon Jovi o Grateful Dead.<\/strong><\/p>\n<p>El m\u00e1s reciente lanzamiento de la diva del pop es &#8216;Here For It All&#8217;, su decimosexto \u00e1lbum de estudio. Se trata de una producci\u00f3n ecl\u00e9ctica de ritmos como R&amp;B, hip-hop, disco y gospel.<\/p>\n<p>&nbsp;<\/p>\n<p>Fuente: EFE<\/p>\n","protected":false},"excerpt":{"rendered":"<p>Mariah Carey ha sido nombrada Persona del A\u00f1o 2026 por MusiCares,\u00a0en reconocimiento a su destacada trayectoria art\u00edstica y su labor filantr\u00f3pica, inform\u00f3 este martes la Academia de la Grabaci\u00f3n. La cantante recibir\u00e1 el homenaje durante la 35\u00aa gala que se celebrar\u00e1 dos d\u00edas antes de los premios Grammy, en el Centro de Convenciones de Los [&hellip;]<\/p>\n","protected":false},"author":2,"featured_media":233193,"comment_status":"closed","ping_status":"closed","sticky":false,"template":"","format":"standard","meta":{"footnotes":""},"categories":[12870,219],"tags":[12865,12875],"class_list":["post-233192","post","type-post","status-publish","format-standard","has-post-thumbnail","hentry","category-destacadas","category-espectaculos","tag-destacadas","tag-espectaculos"],"jetpack_featured_media_url":"https:\/\/rnoticias.com.mx\/Portal\/wp-content\/uploads\/2025\/10\/4yTark9R.jpeg","amp_enabled":true,"_links":{"self":[{"href":"https:\/\/rnoticias.com.mx\/Portal\/wp-json\/wp\/v2\/posts\/233192","targetHints":{"allow":["GET"]}}],"collection":[{"href":"https:\/\/rnoticias.com.mx\/Portal\/wp-json\/wp\/v2\/posts"}],"about":[{"href":"https:\/\/rnoticias.com.mx\/Portal\/wp-json\/wp\/v2\/types\/post"}],"author":[{"embeddable":true,"href":"https:\/\/rnoticias.com.mx\/Portal\/wp-json\/wp\/v2\/users\/2"}],"replies":[{"embeddable":true,"href":"https:\/\/rnoticias.com.mx\/Portal\/wp-json\/wp\/v2\/comments?post=233192"}],"version-history":[{"count":1,"href":"https:\/\/rnoticias.com.mx\/Portal\/wp-json\/wp\/v2\/posts\/233192\/revisions"}],"predecessor-version":[{"id":233194,"href":"https:\/\/rnoticias.com.mx\/Portal\/wp-json\/wp\/v2\/posts\/233192\/revisions\/233194"}],"wp:featuredmedia":[{"embeddable":true,"href":"https:\/\/rnoticias.com.mx\/Portal\/wp-json\/wp\/v2\/media\/233193"}],"wp:attachment":[{"href":"https:\/\/rnoticias.com.mx\/Portal\/wp-json\/wp\/v2\/media?parent=233192"}],"wp:term":[{"taxonomy":"category","embeddable":true,"href":"https:\/\/rnoticias.com.mx\/Portal\/wp-json\/wp\/v2\/categories?post=233192"},{"taxonomy":"post_tag","embeddable":true,"href":"https:\/\/rnoticias.com.mx\/Portal\/wp-json\/wp\/v2\/tags?post=233192"}],"curies":[{"name":"wp","href":"https:\/\/api.w.org\/{rel}","templated":true}]}}