{"id":233189,"date":"2025-10-22T08:16:14","date_gmt":"2025-10-22T15:16:14","guid":{"rendered":"https:\/\/rnoticias.com.mx\/Portal\/?p=233189"},"modified":"2025-10-22T08:16:14","modified_gmt":"2025-10-22T15:16:14","slug":"gobierno-de-sonora-da-banderazo-de-salida-a-tractocamion-con-viveres-para-damnificados-de-veracruz","status":"publish","type":"post","link":"https:\/\/rnoticias.com.mx\/Portal\/2025\/10\/22\/gobierno-de-sonora-da-banderazo-de-salida-a-tractocamion-con-viveres-para-damnificados-de-veracruz\/","title":{"rendered":"Gobierno de Sonora da banderazo de salida a tractocami\u00f3n con v\u00edveres para damnificados de Veracruz"},"content":{"rendered":"<p>Hermosillo, Sonora; 22 de octubre de 2025.- El Gobierno de Sonora, a trav\u00e9s de la Coordinaci\u00f3n Estatal de Protecci\u00f3n Civil (CEPC), particip\u00f3 en el banderazo de salida de un cami\u00f3n que transporta cerca de 20 toneladas de v\u00edveres para los damnificados por las lluvias en Veracruz.<\/p>\n<p>En el evento estuvo presente personal de la CEPC, en acompa\u00f1amiento a personal del Sistema para el Desarrollo Integral de la Familia (DIF) Sonora, as\u00ed como de la Secretar\u00eda de Bienestar.<\/p>\n<p>El cami\u00f3n va cargado con toneladas de v\u00edveres donados por la poblaci\u00f3n y por autoridades, con art\u00edculos de higiene, productos de desinfecci\u00f3n y agua, as\u00ed como alimento no perecedero, llevando apoyo a las familias afectadas por las recientes lluvias en las comunidades de ese estado.<\/p>\n<p>En el caso de la Coordinaci\u00f3n Estatal de Protecci\u00f3n Civil, el personal de la dependencia, en conjunto con Coca-Cola y Construplan, logr\u00f3 reunir 5.6 toneladas de ayuda.<\/p>\n<p>Armando Casta\u00f1eda S\u00e1nchez, coordinador estatal de Protecci\u00f3n Civil, destac\u00f3 la importancia de solidarizarnos con nuestros hermanos del centro del pa\u00eds, quienes durante este mes de octubre han sufrido por la presencia de lluvias torrenciales e hist\u00f3ricas.<\/p>\n<p>Ma\u00f1ana saldr\u00e1n otros cinco tractocamiones, que ir\u00e1n a los estados de Hidalgo, Puebla, San Luis Potos\u00ed, Quer\u00e9taro y Veracruz.<\/p>\n","protected":false},"excerpt":{"rendered":"<p>Hermosillo, Sonora; 22 de octubre de 2025.- El Gobierno de Sonora, a trav\u00e9s de la Coordinaci\u00f3n Estatal de Protecci\u00f3n Civil (CEPC), particip\u00f3 en el banderazo de salida de un cami\u00f3n que transporta cerca de 20 toneladas de v\u00edveres para los damnificados por las lluvias en Veracruz. En el evento estuvo presente personal de la CEPC, [&hellip;]<\/p>\n","protected":false},"author":2,"featured_media":233190,"comment_status":"closed","ping_status":"closed","sticky":false,"template":"","format":"standard","meta":{"footnotes":""},"categories":[12870,178],"tags":[12865,12869],"class_list":["post-233189","post","type-post","status-publish","format-standard","has-post-thumbnail","hentry","category-destacadas","category-local","tag-destacadas","tag-local"],"jetpack_featured_media_url":"https:\/\/rnoticias.com.mx\/Portal\/wp-content\/uploads\/2025\/10\/unnamed-2-12.jpg","amp_enabled":true,"_links":{"self":[{"href":"https:\/\/rnoticias.com.mx\/Portal\/wp-json\/wp\/v2\/posts\/233189","targetHints":{"allow":["GET"]}}],"collection":[{"href":"https:\/\/rnoticias.com.mx\/Portal\/wp-json\/wp\/v2\/posts"}],"about":[{"href":"https:\/\/rnoticias.com.mx\/Portal\/wp-json\/wp\/v2\/types\/post"}],"author":[{"embeddable":true,"href":"https:\/\/rnoticias.com.mx\/Portal\/wp-json\/wp\/v2\/users\/2"}],"replies":[{"embeddable":true,"href":"https:\/\/rnoticias.com.mx\/Portal\/wp-json\/wp\/v2\/comments?post=233189"}],"version-history":[{"count":1,"href":"https:\/\/rnoticias.com.mx\/Portal\/wp-json\/wp\/v2\/posts\/233189\/revisions"}],"predecessor-version":[{"id":233191,"href":"https:\/\/rnoticias.com.mx\/Portal\/wp-json\/wp\/v2\/posts\/233189\/revisions\/233191"}],"wp:featuredmedia":[{"embeddable":true,"href":"https:\/\/rnoticias.com.mx\/Portal\/wp-json\/wp\/v2\/media\/233190"}],"wp:attachment":[{"href":"https:\/\/rnoticias.com.mx\/Portal\/wp-json\/wp\/v2\/media?parent=233189"}],"wp:term":[{"taxonomy":"category","embeddable":true,"href":"https:\/\/rnoticias.com.mx\/Portal\/wp-json\/wp\/v2\/categories?post=233189"},{"taxonomy":"post_tag","embeddable":true,"href":"https:\/\/rnoticias.com.mx\/Portal\/wp-json\/wp\/v2\/tags?post=233189"}],"curies":[{"name":"wp","href":"https:\/\/api.w.org\/{rel}","templated":true}]}}