{"id":233183,"date":"2025-10-22T08:07:52","date_gmt":"2025-10-22T15:07:52","guid":{"rendered":"https:\/\/rnoticias.com.mx\/Portal\/?p=233183"},"modified":"2025-10-22T08:07:52","modified_gmt":"2025-10-22T15:07:52","slug":"implementa-gobierno-de-sonora-estrategia-de-aprendizajes-fundamentales-en-todas-las-primarias-sec","status":"publish","type":"post","link":"https:\/\/rnoticias.com.mx\/Portal\/2025\/10\/22\/implementa-gobierno-de-sonora-estrategia-de-aprendizajes-fundamentales-en-todas-las-primarias-sec\/","title":{"rendered":"Implementa Gobierno de Sonora estrategia de aprendizajes fundamentales en todas las primarias: SEC"},"content":{"rendered":"<p>Hermosillo, Sonora; 22 de octubre de 2025.- Con la generalizaci\u00f3n de la Estrategia Integral de Aprendizajes Fundamentales (EIAF) al 100 por ciento de las primarias, el Gobierno de Sonora fortalece los conocimientos y habilidades en lenguaje de m\u00e1s de 120 mil estudiantes de primero a tercer grado en la entidad.<\/p>\n<p>A trav\u00e9s de la Secretar\u00eda de Educaci\u00f3n y Cultura (SEC), se inici\u00f3 la implementaci\u00f3n de dicha estrategia en 2023, la cual est\u00e1 avalada por la Organizaci\u00f3n de las Naciones Unidas para la Educaci\u00f3n, la Ciencia y la Cultura (Unesco, por sus siglas en ingl\u00e9s) y busca que un mayor n\u00famero de ni\u00f1as y ni\u00f1os mejoren en lectura y escritura.<\/p>\n<p>En la primaria \u201cMigdelina Gil Samaniego\u201d, de Hermosillo, el titular de la SEC, Froyl\u00e1n G\u00e1mez Gamboa anunci\u00f3 la generalizaci\u00f3n exitosa de la estrategia para el ciclo escolar 2025-2026 y destac\u00f3 la colaboraci\u00f3n con Fundaci\u00f3n Coppel, Instituto Natura, Unesco, Faro Social y Educativo, V\u00eda Educaci\u00f3n y Fundaci\u00f3n Zorro Rojo.<\/p>\n<p>Durante la entrega de material de apoyo a la comunidad educativa de dicho plantel, manifest\u00f3 que la alianza con el sector privado forma parte de una visi\u00f3n de fortalecimiento a la profesionalizaci\u00f3n de la estructura educativa, como lo ha instruido el gobernador Alfonso Durazo.<\/p>\n<p>En la implementaci\u00f3n de la estrategia participan docentes, jefes de sector y figuras educativas, quienes tambi\u00e9n han recibido formaci\u00f3n continua y acompa\u00f1amiento, con el prop\u00f3sito de fortalecer una metodolog\u00eda enfocada en la adquisici\u00f3n y consolidaci\u00f3n de la alfabetizaci\u00f3n inicial del alumnado.<\/p>\n","protected":false},"excerpt":{"rendered":"<p>Hermosillo, Sonora; 22 de octubre de 2025.- Con la generalizaci\u00f3n de la Estrategia Integral de Aprendizajes Fundamentales (EIAF) al 100 por ciento de las primarias, el Gobierno de Sonora fortalece los conocimientos y habilidades en lenguaje de m\u00e1s de 120 mil estudiantes de primero a tercer grado en la entidad. A trav\u00e9s de la Secretar\u00eda [&hellip;]<\/p>\n","protected":false},"author":2,"featured_media":233184,"comment_status":"closed","ping_status":"closed","sticky":false,"template":"","format":"standard","meta":{"footnotes":""},"categories":[178],"tags":[12869],"class_list":["post-233183","post","type-post","status-publish","format-standard","has-post-thumbnail","hentry","category-local","tag-local"],"jetpack_featured_media_url":"https:\/\/rnoticias.com.mx\/Portal\/wp-content\/uploads\/2025\/10\/unnamed-65.jpg","amp_enabled":true,"_links":{"self":[{"href":"https:\/\/rnoticias.com.mx\/Portal\/wp-json\/wp\/v2\/posts\/233183","targetHints":{"allow":["GET"]}}],"collection":[{"href":"https:\/\/rnoticias.com.mx\/Portal\/wp-json\/wp\/v2\/posts"}],"about":[{"href":"https:\/\/rnoticias.com.mx\/Portal\/wp-json\/wp\/v2\/types\/post"}],"author":[{"embeddable":true,"href":"https:\/\/rnoticias.com.mx\/Portal\/wp-json\/wp\/v2\/users\/2"}],"replies":[{"embeddable":true,"href":"https:\/\/rnoticias.com.mx\/Portal\/wp-json\/wp\/v2\/comments?post=233183"}],"version-history":[{"count":1,"href":"https:\/\/rnoticias.com.mx\/Portal\/wp-json\/wp\/v2\/posts\/233183\/revisions"}],"predecessor-version":[{"id":233185,"href":"https:\/\/rnoticias.com.mx\/Portal\/wp-json\/wp\/v2\/posts\/233183\/revisions\/233185"}],"wp:featuredmedia":[{"embeddable":true,"href":"https:\/\/rnoticias.com.mx\/Portal\/wp-json\/wp\/v2\/media\/233184"}],"wp:attachment":[{"href":"https:\/\/rnoticias.com.mx\/Portal\/wp-json\/wp\/v2\/media?parent=233183"}],"wp:term":[{"taxonomy":"category","embeddable":true,"href":"https:\/\/rnoticias.com.mx\/Portal\/wp-json\/wp\/v2\/categories?post=233183"},{"taxonomy":"post_tag","embeddable":true,"href":"https:\/\/rnoticias.com.mx\/Portal\/wp-json\/wp\/v2\/tags?post=233183"}],"curies":[{"name":"wp","href":"https:\/\/api.w.org\/{rel}","templated":true}]}}