{"id":233180,"date":"2025-10-22T07:53:08","date_gmt":"2025-10-22T14:53:08","guid":{"rendered":"https:\/\/rnoticias.com.mx\/Portal\/?p=233180"},"modified":"2025-10-22T07:53:08","modified_gmt":"2025-10-22T14:53:08","slug":"sismo-de-magnitud-61-sacude-la-frontera-entre-ecuador-y-peru","status":"publish","type":"post","link":"https:\/\/rnoticias.com.mx\/Portal\/2025\/10\/22\/sismo-de-magnitud-61-sacude-la-frontera-entre-ecuador-y-peru\/","title":{"rendered":"Sismo de magnitud 6,1 sacude la frontera entre Ecuador y Per\u00fa"},"content":{"rendered":"<p><strong>Un sismo de magnitud 6,1 se registr\u00f3 en la tarde de este martes en la frontera entre Ecuador y Per\u00fa, sin que hasta el momento se haya informado de v\u00edctimas o da\u00f1os materiales,<\/strong>\u00a0de acuerdo a los reportes de las autoridades ambos pa\u00edses.<\/p>\n<p>El sismo ocurri\u00f3 a las 19:05 hora local (00:05 GMT del mi\u00e9rcoles) con un epicentro situado a unos 80 kil\u00f3metros al sureste de la localidad de Arenillas, perteneciente a El Oro, provincia fronteriza con Per\u00fa, que se encuentra en la costa sur de Ecuador, seg\u00fan el reporte del Instituto Geof\u00edsico (IG) ecuatoriano.<\/p>\n<p>El temblor se origin\u00f3 a 83 kil\u00f3metros de<strong>\u00a0profundidad bajo la superficie terrestre y se sinti\u00f3 en once de las veinticuatro provincias de Ecuador, de acuerdo a la Secretar\u00eda Nacional de Gesti\u00f3n de Riesgos\u00a0<\/strong>(SNGR).<\/p>\n<p>La intensidad fue moderada en veintid\u00f3s municipios, la mayor\u00eda de El Oro; mientras que en otras ochenta y tres localidades m\u00e1s se sinti\u00f3 de manera leve, especialmente en las provincias andinas de Loja, tambi\u00e9n fronteriza con Per\u00fa, y Azuay; y en las costeras de Guayas, Manab\u00ed y Los R\u00edos.<\/p>\n<p>La SNGR se\u00f1al\u00f3 que, de acuerdo a informaci\u00f3n de unidades de bomberos y de la Polic\u00eda, no se registran afectaciones ni personas heridas, pero que continuar\u00edan con el seguimiento y monitoreo.<\/p>\n<p>En territorio peruano, el movimiento tel\u00farico se sinti\u00f3 con una intensidad entre moderada y fuerte en las poblaciones m\u00e1s cercanas a la l\u00ednea frnteriza, seg\u00fan indici\u00f3 el Comit\u00e9 de Operaciones de Emergencia Nacional (COEN) del Instituto de Defensa Civil (Indeci) de Per\u00fa.<\/p>\n<p>En nueve distritos como Tumbes, Corrales, La Cruz, Pampas de Hospital o San Jacinto fue percibido de manera moderada, mientras que en otras cuatro jurisdicciones, como Zarumilla, Aguas Verdes o Matapalo, la intensidad fue fuerte.<\/p>\n<p><strong>&#8220;Ante esta situaci\u00f3n, unidades de primera respuesta junto a las autoridades locales iniciaron el monitoreo en las zonas vulnerables, no report\u00e1ndose, hasta el momento, da\u00f1os estructurales ni a la poblaci\u00f3n&#8221;,<\/strong>\u00a0confirm\u00f3 la instituci\u00f3n peruana.<\/p>\n<p>Ecuador y Per\u00fa se encuentran en el Cintur\u00f3n de Fuego del Pac\u00edfico, un anillo que recorre las costas del oc\u00e9ano Pac\u00edfico y que concentra alrededor del 80 % de la actividad s\u00edsmica mundial al confluir algunas de las principales placas tect\u00f3nicas del planeta.<\/p>\n<p>&nbsp;<\/p>\n<p>Fuente: EFE<\/p>\n","protected":false},"excerpt":{"rendered":"<p>Un sismo de magnitud 6,1 se registr\u00f3 en la tarde de este martes en la frontera entre Ecuador y Per\u00fa, sin que hasta el momento se haya informado de v\u00edctimas o da\u00f1os materiales,\u00a0de acuerdo a los reportes de las autoridades ambos pa\u00edses. El sismo ocurri\u00f3 a las 19:05 hora local (00:05 GMT del mi\u00e9rcoles) con [&hellip;]<\/p>\n","protected":false},"author":2,"featured_media":233181,"comment_status":"closed","ping_status":"closed","sticky":false,"template":"","format":"standard","meta":{"footnotes":""},"categories":[12870,182],"tags":[12865,12871],"class_list":["post-233180","post","type-post","status-publish","format-standard","has-post-thumbnail","hentry","category-destacadas","category-internacional","tag-destacadas","tag-internacional"],"jetpack_featured_media_url":"https:\/\/rnoticias.com.mx\/Portal\/wp-content\/uploads\/2025\/10\/sismo-ecuador-peru-jpg-360x215-1.webp","amp_enabled":true,"_links":{"self":[{"href":"https:\/\/rnoticias.com.mx\/Portal\/wp-json\/wp\/v2\/posts\/233180","targetHints":{"allow":["GET"]}}],"collection":[{"href":"https:\/\/rnoticias.com.mx\/Portal\/wp-json\/wp\/v2\/posts"}],"about":[{"href":"https:\/\/rnoticias.com.mx\/Portal\/wp-json\/wp\/v2\/types\/post"}],"author":[{"embeddable":true,"href":"https:\/\/rnoticias.com.mx\/Portal\/wp-json\/wp\/v2\/users\/2"}],"replies":[{"embeddable":true,"href":"https:\/\/rnoticias.com.mx\/Portal\/wp-json\/wp\/v2\/comments?post=233180"}],"version-history":[{"count":1,"href":"https:\/\/rnoticias.com.mx\/Portal\/wp-json\/wp\/v2\/posts\/233180\/revisions"}],"predecessor-version":[{"id":233182,"href":"https:\/\/rnoticias.com.mx\/Portal\/wp-json\/wp\/v2\/posts\/233180\/revisions\/233182"}],"wp:featuredmedia":[{"embeddable":true,"href":"https:\/\/rnoticias.com.mx\/Portal\/wp-json\/wp\/v2\/media\/233181"}],"wp:attachment":[{"href":"https:\/\/rnoticias.com.mx\/Portal\/wp-json\/wp\/v2\/media?parent=233180"}],"wp:term":[{"taxonomy":"category","embeddable":true,"href":"https:\/\/rnoticias.com.mx\/Portal\/wp-json\/wp\/v2\/categories?post=233180"},{"taxonomy":"post_tag","embeddable":true,"href":"https:\/\/rnoticias.com.mx\/Portal\/wp-json\/wp\/v2\/tags?post=233180"}],"curies":[{"name":"wp","href":"https:\/\/api.w.org\/{rel}","templated":true}]}}