{"id":233177,"date":"2025-10-22T07:49:52","date_gmt":"2025-10-22T14:49:52","guid":{"rendered":"https:\/\/rnoticias.com.mx\/Portal\/?p=233177"},"modified":"2025-10-22T07:49:52","modified_gmt":"2025-10-22T14:49:52","slug":"cemefi-entrega-el-distintivo-esr-a-1390-micro-pequenas-y-medianas-empresas","status":"publish","type":"post","link":"https:\/\/rnoticias.com.mx\/Portal\/2025\/10\/22\/cemefi-entrega-el-distintivo-esr-a-1390-micro-pequenas-y-medianas-empresas\/","title":{"rendered":"Cemefi entrega el Distintivo ESR a 1,390 micro, peque\u00f1as y medianas empresas"},"content":{"rendered":"<p>&nbsp;<\/p>\n<p>El pasado 14 de octubre, en el <strong>World Trade Center de la Ciudad de M\u00e9xico<\/strong>, se llev\u00f3 a cabo el <strong>Foro MiPyMEs Socialmente Responsables 2025<\/strong>, con el tema: <em>\u201cInnovaci\u00f3n sostenible: transformando a la sociedad para una prosperidad compartida\u201d<\/em>. En esta edici\u00f3n, <strong>1,390 micro, peque\u00f1as y medianas empresas obtuvieron el Distintivo ESR<\/strong>, reconociendo su compromiso con la responsabilidad social empresarial.<\/p>\n<p>Desde la implementaci\u00f3n del nuevo modelo del Distintivo ESR \u2014que ahora eval\u00faa tanto el <strong>cumplimiento de est\u00e1ndares<\/strong> como el <strong>nivel de desarrollo de la responsabilidad social empresarial (RSE)<\/strong>\u2014, el porcentaje de empresas MiPyMEs que lo obtienen ha crecido de manera consistente. De 2024 a 2025, este n\u00famero aument\u00f3 <strong>8.6%<\/strong>, pasando de 1,280 empresas a 1,390.<\/p>\n<p>Este logro ha sido posible gracias a las <strong>20 entidades promotoras de RSE<\/strong>, entre organismos empresariales, OSC, universidades y organismos de gobierno que impulsan a las empresas en <strong>11 estados de la Rep\u00fablica<\/strong> hacia una gesti\u00f3n socialmente responsable. En <strong>Sonora, FESAC act\u00faa como aliado estrat\u00e9gico<\/strong> para acompa\u00f1ar a las empresas en este proceso.<\/p>\n<p><strong>Evodio S\u00e1nchez Rodr\u00edguez<\/strong>, <strong>Director de RSE de Cemefi<\/strong>, destac\u00f3 que las pymes enfrentan retos complejos, desde adaptarse a un entorno digital acelerado hasta integrar pr\u00e1cticas sostenibles que equilibran rentabilidad con impacto social y ambiental. Se\u00f1al\u00f3: \u201cEn Cemefi creemos firmemente que la responsabilidad social no es un lujo, sino una necesidad estrat\u00e9gica. Las pymes que incorporan principios de sostenibilidad como equidad, inclusi\u00f3n, gobernanza \u00e9tica y cuidado ambiental generan confianza entre sus stakeholders y, al mismo tiempo, incrementan su competitividad.<\/p>\n<p><strong>\u00a0<\/strong><\/p>\n<p>En Sonora, el Distintivo ESR 2025 fue obtenido por 87 empresas, que son:<\/p>\n<p>&nbsp;<\/p>\n<ol>\n<li>ACEITES Y LUBRICANTES DEL DESIERTO<\/li>\n<li>AGENCIA DE VIAJES UNITA<\/li>\n<li>AGROEXPORTACI\u00d3N<\/li>\n<li>SAVING WITH ENERGY M\u00c9XICO<\/li>\n<li>ALMACENES GENERALES DE DEPOSITO DEL YAQUI<\/li>\n<li>GRUPO ALTER ENERGY<\/li>\n<li>AMBSIL<\/li>\n<li>COMERCIALIZADORA AGROINDUSTRIAL AOASS<\/li>\n<li>ASELEC ELECTRICIDAD<\/li>\n<li>AUTOMATIZACI\u00d3N Y CONTROL DACO<\/li>\n<li>INDUSTRIAL AVILA SOLDADURA Y MANTENIMIENTO<\/li>\n<li>BPG AGRONEGOCIOS<\/li>\n<li>CAYENA DEL NOROESTE<\/li>\n<li>CAYENNE EXPRESS<\/li>\n<li>CEPROAL<\/li>\n<li>CG AUTOMATIZACION<\/li>\n<li>CHUMTI<\/li>\n<li>CIBO NUTRIMENTAL<\/li>\n<li>COMERCIAL E INDUSTRIAL CAJEME<\/li>\n<li>CONSTRUCTORA SPBV<\/li>\n<li>CONTROL INC.<\/li>\n<li>COSAPRO<\/li>\n<li>CW METAL<\/li>\n<li>DABALASH<\/li>\n<li>MINERA TITAN<\/li>\n<li>DLP CONTADORES<\/li>\n<li>E&amp;A CAPA<\/li>\n<li>EDIFICACI\u00d3N DE OBRA INDUSTRIAL<\/li>\n<li>EDINOSA<\/li>\n<li>ELECTROINSUMOS GMBH<\/li>\n<li>EMS ELECTRO METALIC SOLUTION<\/li>\n<li>ESTRUCTURAL SONORA<\/li>\n<li>FERTIBALANCE<\/li>\n<li>FINVAY<\/li>\n<li>FLUIDOS MAYANSTAR<\/li>\n<li>FUNERARIOS DE ROBLES<\/li>\n<li>GRUPO ACEITES DEL MAYO<\/li>\n<li>GLOBE ALL<\/li>\n<li>GLUYAS CONSTRUCCIONES<\/li>\n<li>GRAMEEN DE LA FRONTERA<\/li>\n<li>GRUPO ADUANAL OSCAR MAYER<\/li>\n<li>GRUPO EMPRESARIAL SIBO<\/li>\n<li>GRUPO GLS<\/li>\n<li>GRUPO INDUSTRIAL ESD<\/li>\n<li>GRUPO TOTAL INBAS<\/li>\n<li>INDUSTRIAS BARDA<\/li>\n<li>INTACTICS<\/li>\n<li>LOGICA INTERACTIVA<\/li>\n<li>ITSON<\/li>\n<li>ITSON NAVOJOA<\/li>\n<li>JEMA AGREGADOS Y CONSTRUCTORA<\/li>\n<li>JNC DISTRIBUIDORA DE ALIMENTOS<\/li>\n<li>KOFANOR DE M\u00c9XICO<\/li>\n<li>AZUCAR LA CA\u00d1ITA<\/li>\n<li>COMPA\u00d1\u00cdA MINERA PITALLA<\/li>\n<li>LAMSYCO LABORATORIOS<\/li>\n<li>LEC CONSULTOR\u00cdA LING\u00dc\u00cdSTICA Y EDUCATIVA<\/li>\n<li>ESTACI\u00d3N DE SERVICIO LOS SILOS<\/li>\n<li>MAPISA<\/li>\n<li>MAQUILAS TETA KAWI<\/li>\n<li>MOLINO LA FAMA<\/li>\n<li>MOLYMEX<\/li>\n<li>MONTAJES Y TENDIDOS DE POTENCIA<\/li>\n<li>NORWORK<\/li>\n<li>NOTARIA 95<\/li>\n<li>NOVEDADES AGRICOLAS DASA<\/li>\n<li>NUTRIKOWI ALIMENTOS<\/li>\n<li>OPERACI\u00d3N Y MANTENIMIENTO DE AUTOPISTAS DE SONORA<\/li>\n<li>PACIFICO INDUSTRIAL<\/li>\n<li>PAPA COSTE\u00d1A<\/li>\n<li>PARQUE ECOL\u00d3GICO ALOE<\/li>\n<li>PEGUSA<\/li>\n<li>PERFORACI\u00d3N DE ROLES<\/li>\n<li>PROSERVI PROVEEDORA DE SERVICIOS INDUSTRIALES<\/li>\n<li>QUALYPLAST<\/li>\n<li>BAIDON AGENTE DE SEGUROS Y DE FIANZAS<\/li>\n<li>SALES DEL VALLE<\/li>\n<li>SECOIP<\/li>\n<li>SOLUCIONES ECOL\u00d3GICAS DEL DESIERTO<\/li>\n<li>SIMATSON<\/li>\n<li>SOLUCIONES ELECTROMET\u00c1LICAS<\/li>\n<li>SONITRONIES<\/li>\n<li>SONORA NATURALS<\/li>\n<li>SPM MINERIA<\/li>\n<li>T\u00c1CTICAS<\/li>\n<li>UNI\u00d3N DE CR\u00c9DITO AGR\u00cdCOLA DE CAJEME<\/li>\n<li>COBISA<\/li>\n<\/ol>\n<p>&nbsp;<\/p>\n<p>&nbsp;<\/p>\n<p>&nbsp;<\/p>\n<p>Por 14\u00ba a\u00f1o consecutivo, CMIC Sonora recibe el reconocimiento como promotora de la RSE 2025, reafirmando su compromiso constante con la responsabilidad social empresarial en la regi\u00f3n. Este logro destaca su labor en impulsar buenas pr\u00e1cticas entre las empresas, fomentar una cultura de sostenibilidad y apoyar el desarrollo econ\u00f3mico y social de Sonora.<\/p>\n<p>Como cada a\u00f1o, FESAC, aliado regional de Cemefi en Sonora, bajo la coordinaci\u00f3n de la Lic. Andrea Garc\u00eda Calles, Directora del cap\u00edtulo Hermosillo, coordin\u00f3 la atenci\u00f3n a las empresas, brind\u00e1ndoles apoyo y seguimiento durante este importante evento.<\/p>\n<p>&nbsp;<\/p>\n","protected":false},"excerpt":{"rendered":"<p>&nbsp; El pasado 14 de octubre, en el World Trade Center de la Ciudad de M\u00e9xico, se llev\u00f3 a cabo el Foro MiPyMEs Socialmente Responsables 2025, con el tema: \u201cInnovaci\u00f3n sostenible: transformando a la sociedad para una prosperidad compartida\u201d. En esta edici\u00f3n, 1,390 micro, peque\u00f1as y medianas empresas obtuvieron el Distintivo ESR, reconociendo su compromiso [&hellip;]<\/p>\n","protected":false},"author":2,"featured_media":233178,"comment_status":"closed","ping_status":"closed","sticky":false,"template":"","format":"standard","meta":{"footnotes":""},"categories":[12870,178],"tags":[12865,12869],"class_list":["post-233177","post","type-post","status-publish","format-standard","has-post-thumbnail","hentry","category-destacadas","category-local","tag-destacadas","tag-local"],"jetpack_featured_media_url":"https:\/\/rnoticias.com.mx\/Portal\/wp-content\/uploads\/2025\/10\/5aade461-31cb-472d-bd75-2768e799417d.jpeg","amp_enabled":true,"_links":{"self":[{"href":"https:\/\/rnoticias.com.mx\/Portal\/wp-json\/wp\/v2\/posts\/233177","targetHints":{"allow":["GET"]}}],"collection":[{"href":"https:\/\/rnoticias.com.mx\/Portal\/wp-json\/wp\/v2\/posts"}],"about":[{"href":"https:\/\/rnoticias.com.mx\/Portal\/wp-json\/wp\/v2\/types\/post"}],"author":[{"embeddable":true,"href":"https:\/\/rnoticias.com.mx\/Portal\/wp-json\/wp\/v2\/users\/2"}],"replies":[{"embeddable":true,"href":"https:\/\/rnoticias.com.mx\/Portal\/wp-json\/wp\/v2\/comments?post=233177"}],"version-history":[{"count":1,"href":"https:\/\/rnoticias.com.mx\/Portal\/wp-json\/wp\/v2\/posts\/233177\/revisions"}],"predecessor-version":[{"id":233179,"href":"https:\/\/rnoticias.com.mx\/Portal\/wp-json\/wp\/v2\/posts\/233177\/revisions\/233179"}],"wp:featuredmedia":[{"embeddable":true,"href":"https:\/\/rnoticias.com.mx\/Portal\/wp-json\/wp\/v2\/media\/233178"}],"wp:attachment":[{"href":"https:\/\/rnoticias.com.mx\/Portal\/wp-json\/wp\/v2\/media?parent=233177"}],"wp:term":[{"taxonomy":"category","embeddable":true,"href":"https:\/\/rnoticias.com.mx\/Portal\/wp-json\/wp\/v2\/categories?post=233177"},{"taxonomy":"post_tag","embeddable":true,"href":"https:\/\/rnoticias.com.mx\/Portal\/wp-json\/wp\/v2\/tags?post=233177"}],"curies":[{"name":"wp","href":"https:\/\/api.w.org\/{rel}","templated":true}]}}