{"id":233165,"date":"2025-10-22T07:33:54","date_gmt":"2025-10-22T14:33:54","guid":{"rendered":"https:\/\/rnoticias.com.mx\/Portal\/?p=233165"},"modified":"2025-10-22T07:33:54","modified_gmt":"2025-10-22T14:33:54","slug":"impulsa-gobierno-de-sonora-convocatoria-ideas-que-transforman-juventud-e-igualdad-ues","status":"publish","type":"post","link":"https:\/\/rnoticias.com.mx\/Portal\/2025\/10\/22\/impulsa-gobierno-de-sonora-convocatoria-ideas-que-transforman-juventud-e-igualdad-ues\/","title":{"rendered":"Impulsa Gobierno de Sonora convocatoria \u201cIdeas que transforman: juventud e igualdad\u201d: UES"},"content":{"rendered":"<p>Hermosillo, Sonora; 22 de octubre de 2025.- Con el objetivo de incentivar en j\u00f3venes estudiantes de nivel medio superior el pensamiento cr\u00edtico, la creatividad y el compromiso social, el Gobierno de Sonora, a trav\u00e9s de la Secretar\u00eda de Educaci\u00f3n y Cultura (SEC) y la Universidad Estatal de Sonora (UES), present\u00f3 la convocatoria \u201cIdeas que transforman: juventud e igualdad\u201d.<\/p>\n<p>El objetivo es invitar a participar de forma individual al alumnado de preparatorias p\u00fablicas, a trav\u00e9s de dos categor\u00edas, ensayo escrito y video-ensayo, los cuales podr\u00e1n abordar temas como igualdad de g\u00e9nero, prevenci\u00f3n de la violencia, diversidad cultural, inclusi\u00f3n y desarrollo social.<\/p>\n<p>La invitaci\u00f3n fue hecha por el subsecretario de Educaci\u00f3n Media Superior y Superior, Rodolfo Basurto \u00c1lvarez, y la encargada de Vinculaci\u00f3n de la UES, Sanae Hinojosa Taomori, en representaci\u00f3n de la rectora de la UES, Martha Patricia Pati\u00f1o Fierro, junto a la subsecretaria de Pol\u00edticas Educativas para la Transformaci\u00f3n, Guadalupe Gonz\u00e1lez Liz\u00e1rraga.<\/p>\n<p>Durante su mensaje, Sanae Hinojosa destac\u00f3 que la convocatoria busca que las y los j\u00f3venes se conviertan en agentes de cambio, capaces de proponer soluciones creativas y sustentadas a problem\u00e1ticas sociales relacionadas con la igualdad de g\u00e9nero, la inclusi\u00f3n y la cultura de paz.<\/p>\n<p>Este tipo de iniciativas fortalecen la formaci\u00f3n integral del estudiantado y reafirman el compromiso de la UES con los principios del Plan Estatal de Desarrollo 2022-2027 del gobernador Alfonso Durazo y el Plan Nacional de Desarrollo 2025-2030 de la presidenta Claudia Sheinbaum, en materia de educaci\u00f3n, bienestar e igualdad sustantiva.<\/p>\n<p>La convocatoria completa puede consultarse en:\u00a0<a href=\"http:\/\/bit.ly\/UES-ConvocatoriaIdeasQueTransforman\" target=\"_blank\" rel=\"noopener\" data-saferedirecturl=\"https:\/\/www.google.com\/url?q=http:\/\/bit.ly\/UES-ConvocatoriaIdeasQueTransforman&amp;source=gmail&amp;ust=1761162752357000&amp;usg=AOvVaw1uWHYWiM2Hq1f33A51xXIi\">bit.ly\/UES-<wbr \/>ConvocatoriaIdeasQueTransforma<wbr \/>n<\/a><\/p>\n","protected":false},"excerpt":{"rendered":"<p>Hermosillo, Sonora; 22 de octubre de 2025.- Con el objetivo de incentivar en j\u00f3venes estudiantes de nivel medio superior el pensamiento cr\u00edtico, la creatividad y el compromiso social, el Gobierno de Sonora, a trav\u00e9s de la Secretar\u00eda de Educaci\u00f3n y Cultura (SEC) y la Universidad Estatal de Sonora (UES), present\u00f3 la convocatoria \u201cIdeas que transforman: [&hellip;]<\/p>\n","protected":false},"author":2,"featured_media":233166,"comment_status":"closed","ping_status":"closed","sticky":false,"template":"","format":"standard","meta":{"footnotes":""},"categories":[12870,178],"tags":[12865,12869],"class_list":["post-233165","post","type-post","status-publish","format-standard","has-post-thumbnail","hentry","category-destacadas","category-local","tag-destacadas","tag-local"],"jetpack_featured_media_url":"https:\/\/rnoticias.com.mx\/Portal\/wp-content\/uploads\/2025\/10\/unnamed-64.jpg","amp_enabled":true,"_links":{"self":[{"href":"https:\/\/rnoticias.com.mx\/Portal\/wp-json\/wp\/v2\/posts\/233165","targetHints":{"allow":["GET"]}}],"collection":[{"href":"https:\/\/rnoticias.com.mx\/Portal\/wp-json\/wp\/v2\/posts"}],"about":[{"href":"https:\/\/rnoticias.com.mx\/Portal\/wp-json\/wp\/v2\/types\/post"}],"author":[{"embeddable":true,"href":"https:\/\/rnoticias.com.mx\/Portal\/wp-json\/wp\/v2\/users\/2"}],"replies":[{"embeddable":true,"href":"https:\/\/rnoticias.com.mx\/Portal\/wp-json\/wp\/v2\/comments?post=233165"}],"version-history":[{"count":1,"href":"https:\/\/rnoticias.com.mx\/Portal\/wp-json\/wp\/v2\/posts\/233165\/revisions"}],"predecessor-version":[{"id":233167,"href":"https:\/\/rnoticias.com.mx\/Portal\/wp-json\/wp\/v2\/posts\/233165\/revisions\/233167"}],"wp:featuredmedia":[{"embeddable":true,"href":"https:\/\/rnoticias.com.mx\/Portal\/wp-json\/wp\/v2\/media\/233166"}],"wp:attachment":[{"href":"https:\/\/rnoticias.com.mx\/Portal\/wp-json\/wp\/v2\/media?parent=233165"}],"wp:term":[{"taxonomy":"category","embeddable":true,"href":"https:\/\/rnoticias.com.mx\/Portal\/wp-json\/wp\/v2\/categories?post=233165"},{"taxonomy":"post_tag","embeddable":true,"href":"https:\/\/rnoticias.com.mx\/Portal\/wp-json\/wp\/v2\/tags?post=233165"}],"curies":[{"name":"wp","href":"https:\/\/api.w.org\/{rel}","templated":true}]}}