{"id":233155,"date":"2025-10-21T21:42:53","date_gmt":"2025-10-22T04:42:53","guid":{"rendered":"https:\/\/rnoticias.com.mx\/Portal\/?p=233155"},"modified":"2025-10-21T21:42:53","modified_gmt":"2025-10-22T04:42:53","slug":"gobierno-de-sonora-presenta-avances-en-fiscalizacion-rendicion-de-cuentas-y-promocion-del-buen-gobierno","status":"publish","type":"post","link":"https:\/\/rnoticias.com.mx\/Portal\/2025\/10\/21\/gobierno-de-sonora-presenta-avances-en-fiscalizacion-rendicion-de-cuentas-y-promocion-del-buen-gobierno\/","title":{"rendered":"Gobierno de Sonora presenta avances en fiscalizaci\u00f3n, rendici\u00f3n de cuentas y promoci\u00f3n del buen gobierno"},"content":{"rendered":"<p>Hermosillo, Sonora; 21 de octubre de 2025.- Como parte del compromiso del gobernador Alfonso Durazo de garantizar el uso responsable de los recursos p\u00fablicos, el Gobierno de Sonora, a trav\u00e9s de la Secretar\u00eda Anticorrupci\u00f3n y Buen Gobierno, present\u00f3 avances en materia de fiscalizaci\u00f3n, control gubernamental, rendici\u00f3n de cuentas y fortalecimiento de la cultura de la transparencia.<\/p>\n<p>Mar\u00eda Dolores del R\u00edo, titular de la Secretar\u00eda Anticorrupci\u00f3n y Buen Gobierno, record\u00f3 el marco jur\u00eddico que establece los procesos de fiscalizaci\u00f3n de la Cuenta P\u00fablica, subrayando la importancia de cada etapa para asegurar transparencia y eficiencia en el manejo de los recursos p\u00fablicos.<\/p>\n<p>Se explic\u00f3 que la Cuenta P\u00fablica es presentada al Congreso local el 15 de abril de cada a\u00f1o y posteriormente turnada al Instituto Superior de Auditor\u00eda y Fiscalizaci\u00f3n (ISAF) para su revisi\u00f3n. El Informe de Resultados se emite el 30 de agosto; a partir de ese momento, los entes fiscalizados cuentan con 30 d\u00edas h\u00e1biles para solventar observaciones y, una vez concluido este periodo, el Instituto dispone de 120 d\u00edas h\u00e1biles para emitir su pronunciamiento.<\/p>\n<p>En los resultados m\u00e1s recientes, correspondientes al ejercicio 2024, se report\u00f3 una reducci\u00f3n del 34.9 porciento en el total de observaciones respecto al a\u00f1o anterior, al pasar de 544 a 354, lo que refleja avances en materia de prevenci\u00f3n, cumplimiento y control interno en dependencias estatales. Se precis\u00f3 que el proceso de fiscalizaci\u00f3n de la Cuenta P\u00fablica 2024 a\u00fan est\u00e1 en curso, por lo que en este momento no es posible determinar responsabilidades ni posibles da\u00f1os patrimoniales al estado.<\/p>\n<p>Sobre sanciones y responsabilidades administrativas, se inform\u00f3 que durante el periodo 2024-2025 se han emitido 54 amonestaciones y 101 inhabilitaciones a servidores p\u00fablicos por faltas no graves, en cumplimiento al marco normativo y a la instrucci\u00f3n del gobernador Alfonso Durazo de aplicar la ley sin excepci\u00f3n.<\/p>\n<p>Asimismo, se dio a conocer que, con el prop\u00f3sito de fortalecer las capacidades de las personas servidoras p\u00fablicas, la Secretar\u00eda impulsa la Especialidad en Control Gubernamental y Buen Gobierno, avalada por la Secretar\u00eda de Educaci\u00f3n y Cultura (SEC). Este programa gratuito est\u00e1 dirigido principalmente a personal de los \u00d3rganos Internos de Control y \u00e1reas de fiscalizaci\u00f3n, auditor\u00eda y administraci\u00f3n de recursos, con el fin de garantizar un ejercicio responsable, transparente y eficiente del gasto p\u00fablico.<\/p>\n<p>Finalmente, como parte del impulso a la integridad y la participaci\u00f3n ciudadana, se presentaron los resultados de los concursos \u201cTransparencia en Corto\u201d y \u201cContralor\u00eda Social 2025\u201d, en los que participaron j\u00f3venes, organizaciones y comit\u00e9s ciudadanos de distintos municipios. Se destac\u00f3 que estas iniciativas fortalecen el buen gobierno y la prevenci\u00f3n de la corrupci\u00f3n desde la suma entre sociedad y gobierno.<\/p>\n","protected":false},"excerpt":{"rendered":"<p>Hermosillo, Sonora; 21 de octubre de 2025.- Como parte del compromiso del gobernador Alfonso Durazo de garantizar el uso responsable de los recursos p\u00fablicos, el Gobierno de Sonora, a trav\u00e9s de la Secretar\u00eda Anticorrupci\u00f3n y Buen Gobierno, present\u00f3 avances en materia de fiscalizaci\u00f3n, control gubernamental, rendici\u00f3n de cuentas y fortalecimiento de la cultura de la [&hellip;]<\/p>\n","protected":false},"author":2,"featured_media":233156,"comment_status":"closed","ping_status":"closed","sticky":false,"template":"","format":"standard","meta":{"footnotes":""},"categories":[12870,178],"tags":[12865,12869],"class_list":["post-233155","post","type-post","status-publish","format-standard","has-post-thumbnail","hentry","category-destacadas","category-local","tag-destacadas","tag-local"],"jetpack_featured_media_url":"https:\/\/rnoticias.com.mx\/Portal\/wp-content\/uploads\/2025\/10\/91-1.jpg","amp_enabled":true,"_links":{"self":[{"href":"https:\/\/rnoticias.com.mx\/Portal\/wp-json\/wp\/v2\/posts\/233155","targetHints":{"allow":["GET"]}}],"collection":[{"href":"https:\/\/rnoticias.com.mx\/Portal\/wp-json\/wp\/v2\/posts"}],"about":[{"href":"https:\/\/rnoticias.com.mx\/Portal\/wp-json\/wp\/v2\/types\/post"}],"author":[{"embeddable":true,"href":"https:\/\/rnoticias.com.mx\/Portal\/wp-json\/wp\/v2\/users\/2"}],"replies":[{"embeddable":true,"href":"https:\/\/rnoticias.com.mx\/Portal\/wp-json\/wp\/v2\/comments?post=233155"}],"version-history":[{"count":1,"href":"https:\/\/rnoticias.com.mx\/Portal\/wp-json\/wp\/v2\/posts\/233155\/revisions"}],"predecessor-version":[{"id":233157,"href":"https:\/\/rnoticias.com.mx\/Portal\/wp-json\/wp\/v2\/posts\/233155\/revisions\/233157"}],"wp:featuredmedia":[{"embeddable":true,"href":"https:\/\/rnoticias.com.mx\/Portal\/wp-json\/wp\/v2\/media\/233156"}],"wp:attachment":[{"href":"https:\/\/rnoticias.com.mx\/Portal\/wp-json\/wp\/v2\/media?parent=233155"}],"wp:term":[{"taxonomy":"category","embeddable":true,"href":"https:\/\/rnoticias.com.mx\/Portal\/wp-json\/wp\/v2\/categories?post=233155"},{"taxonomy":"post_tag","embeddable":true,"href":"https:\/\/rnoticias.com.mx\/Portal\/wp-json\/wp\/v2\/tags?post=233155"}],"curies":[{"name":"wp","href":"https:\/\/api.w.org\/{rel}","templated":true}]}}