{"id":233152,"date":"2025-10-21T21:42:15","date_gmt":"2025-10-22T04:42:15","guid":{"rendered":"https:\/\/rnoticias.com.mx\/Portal\/?p=233152"},"modified":"2025-10-21T21:42:15","modified_gmt":"2025-10-22T04:42:15","slug":"ctm-pide-acelerar-construccion-de-viviendas-en-sonora","status":"publish","type":"post","link":"https:\/\/rnoticias.com.mx\/Portal\/2025\/10\/21\/ctm-pide-acelerar-construccion-de-viviendas-en-sonora\/","title":{"rendered":"CTM pide acelerar construcci\u00f3n de viviendas en Sonora"},"content":{"rendered":"<p>Hermosillo, Sonora. La Confederaci\u00f3n de Trabajadores de M\u00e9xico (CTM) en Sonora urgi\u00f3 al Gobierno estatal y al Infonavit a implementar un plan inmediato para abatir el d\u00e9ficit de m\u00e1s de 200 mil viviendas sociales que afecta al sector obrero, inform\u00f3 su dirigente, Javier Villarreal G\u00e1mez.<\/p>\n<p>&nbsp;<\/p>\n<p>El l\u00edder sindical explic\u00f3 que desde la desaparici\u00f3n de los subsidios federales en 2019, la edificaci\u00f3n de casas para trabajadores ha disminuido dr\u00e1sticamente, lo que ha complicado el acceso a un patrimonio digno para las familias de bajos ingresos.<\/p>\n<p>&nbsp;<\/p>\n<p>\u201cActualmente se desarrolla el proyecto habitacional de Altares, en el sur de Hermosillo, donde se construyen 912 casas equipadas con \u00e1reas verdes, espacios recreativos y estacionamientos. Es un avance importante, pero necesitamos multiplicar estos esfuerzos en todos los municipios\u201d, subray\u00f3.<\/p>\n<p>&nbsp;<\/p>\n<p>Villarreal G\u00e1mez agreg\u00f3 que el objetivo es ofrecer viviendas de calidad a precios accesibles entre 500 y 550 mil pesos, muy por debajo del costo promedio del mercado.<\/p>\n<p>&nbsp;<\/p>\n<p>Por \u00faltimo, recalc\u00f3 que Hermosillo, Cajeme y Nogales concentran el mayor rezago y que la CTM seguir\u00e1 impulsando proyectos que garanticen hogares seguros y asequibles para los trabajadores sonorenses.<\/p>\n<p>&nbsp;<\/p>\n<p>&nbsp;<\/p>\n","protected":false},"excerpt":{"rendered":"<p>Hermosillo, Sonora. La Confederaci\u00f3n de Trabajadores de M\u00e9xico (CTM) en Sonora urgi\u00f3 al Gobierno estatal y al Infonavit a implementar un plan inmediato para abatir el d\u00e9ficit de m\u00e1s de 200 mil viviendas sociales que afecta al sector obrero, inform\u00f3 su dirigente, Javier Villarreal G\u00e1mez. &nbsp; El l\u00edder sindical explic\u00f3 que desde la desaparici\u00f3n de [&hellip;]<\/p>\n","protected":false},"author":2,"featured_media":233153,"comment_status":"closed","ping_status":"closed","sticky":false,"template":"","format":"standard","meta":{"footnotes":""},"categories":[12870,178],"tags":[12865,12869],"class_list":["post-233152","post","type-post","status-publish","format-standard","has-post-thumbnail","hentry","category-destacadas","category-local","tag-destacadas","tag-local"],"jetpack_featured_media_url":"https:\/\/rnoticias.com.mx\/Portal\/wp-content\/uploads\/2025\/10\/SONORA.png","amp_enabled":true,"_links":{"self":[{"href":"https:\/\/rnoticias.com.mx\/Portal\/wp-json\/wp\/v2\/posts\/233152","targetHints":{"allow":["GET"]}}],"collection":[{"href":"https:\/\/rnoticias.com.mx\/Portal\/wp-json\/wp\/v2\/posts"}],"about":[{"href":"https:\/\/rnoticias.com.mx\/Portal\/wp-json\/wp\/v2\/types\/post"}],"author":[{"embeddable":true,"href":"https:\/\/rnoticias.com.mx\/Portal\/wp-json\/wp\/v2\/users\/2"}],"replies":[{"embeddable":true,"href":"https:\/\/rnoticias.com.mx\/Portal\/wp-json\/wp\/v2\/comments?post=233152"}],"version-history":[{"count":1,"href":"https:\/\/rnoticias.com.mx\/Portal\/wp-json\/wp\/v2\/posts\/233152\/revisions"}],"predecessor-version":[{"id":233154,"href":"https:\/\/rnoticias.com.mx\/Portal\/wp-json\/wp\/v2\/posts\/233152\/revisions\/233154"}],"wp:featuredmedia":[{"embeddable":true,"href":"https:\/\/rnoticias.com.mx\/Portal\/wp-json\/wp\/v2\/media\/233153"}],"wp:attachment":[{"href":"https:\/\/rnoticias.com.mx\/Portal\/wp-json\/wp\/v2\/media?parent=233152"}],"wp:term":[{"taxonomy":"category","embeddable":true,"href":"https:\/\/rnoticias.com.mx\/Portal\/wp-json\/wp\/v2\/categories?post=233152"},{"taxonomy":"post_tag","embeddable":true,"href":"https:\/\/rnoticias.com.mx\/Portal\/wp-json\/wp\/v2\/tags?post=233152"}],"curies":[{"name":"wp","href":"https:\/\/api.w.org\/{rel}","templated":true}]}}