{"id":233127,"date":"2025-10-21T18:22:08","date_gmt":"2025-10-22T01:22:08","guid":{"rendered":"https:\/\/rnoticias.com.mx\/Portal\/?p=233127"},"modified":"2025-10-21T18:22:08","modified_gmt":"2025-10-22T01:22:08","slug":"anuncia-gobernador-durazo-edicion-25-de-la-felison-para-promover-la-lectura-y-cultura-sonorense","status":"publish","type":"post","link":"https:\/\/rnoticias.com.mx\/Portal\/2025\/10\/21\/anuncia-gobernador-durazo-edicion-25-de-la-felison-para-promover-la-lectura-y-cultura-sonorense\/","title":{"rendered":"Anuncia Gobernador Durazo edici\u00f3n 25 de la Felison para promover la lectura y cultura sonorense"},"content":{"rendered":"<p>Hermosillo, Sonora; 21 de octubre de 2025.- Para fortalecer la promoci\u00f3n de la lectura y cultura en la entidad, el gobernador Alfonso Durazo Monta\u00f1o anunci\u00f3 la edici\u00f3n 25 de la Feria del Libro Sonora 2025 (Feli-Son), un encuentro literario y art\u00edstico que consolidar\u00e1 a Sonora como un estado promotor de la lectura, la diversidad cultural y el talento creativo.<\/p>\n<p>El mandatario estatal destac\u00f3 que la Feli-Son 2025, organizada por el Gobierno de Sonora, a trav\u00e9s del Instituto Sonorense de Cultura (ISC), ser\u00e1 del 8 al 15 de noviembre en la Plaza Bicentenario de Hermosillo. Con el lema \u201cNos vemos en los libros\u201d, esta feria reunir\u00e1 a escritoras, escritores, artistas, editoriales y promotores culturales de todo el pa\u00eds.<\/p>\n<p>El gobernador Durazo enfatiz\u00f3 que este evento refleja el compromiso de su gobierno con la formaci\u00f3n de nuevas generaciones lectoras, el acceso equitativo a la cultura y el fortalecimiento de las identidades locales.<\/p>\n<p>Las y los sonorenses, podr\u00e1n disfrutar durante ocho d\u00edas de 63 presentaciones literarias, 29 talleres y m\u00faltiples actividades art\u00edsticas, homenajes y conversatorios. En esta edici\u00f3n, la feria rendir\u00e1 homenaje a la poeta y docente In\u00e9s Mart\u00ednez de Castro, figura emblem\u00e1tica de la literatura sonorense, y contar\u00e1 con la participaci\u00f3n estelar de la escritora Sabina Berman.<\/p>\n<p>La programaci\u00f3n de la Feli-Son 2025, tambi\u00e9n contempla la Ruta del Librob\u00fas \u201cLa Feli-Son en todas partes\u201d, que recorrer\u00e1 24 municipios de la entidad para llevar la lectura a todos los rincones del estado, as\u00ed como la extensi\u00f3n cultural \u201cEcos de la Feli-Son\u201d con el concierto del trovador Alejandro Garc\u00eda Villal\u00f3n \u201cVirulo\u201d en el Bosque Urbano La Sauceda, el pr\u00f3ximo 22 de noviembre.<\/p>\n<p>Entre las sedes destacan el Foro Bicentenario, el Museo de Culturas Populares e Ind\u00edgenas, la Cineteca Sonora, la Biblioteca P\u00fablica Central \u201cFortino Le\u00f3n Almada\u201d y el Foro Armida de la Vara, espacios donde las y los sonorenses podr\u00e1n disfrutar de literatura, m\u00fasica, arte y la formaci\u00f3n de lectores.<\/p>\n<p>En la Feli-Son 2025 participar\u00e1n autoras y autores sonorenses como Roberto Corella, Fernanda Ballesteros, Mara Romero, Carlos Moncada y los ganadores del Concurso del Libro Sonorense 2024 y 37 editoriales en 78 stands.<\/p>\n","protected":false},"excerpt":{"rendered":"<p>Hermosillo, Sonora; 21 de octubre de 2025.- Para fortalecer la promoci\u00f3n de la lectura y cultura en la entidad, el gobernador Alfonso Durazo Monta\u00f1o anunci\u00f3 la edici\u00f3n 25 de la Feria del Libro Sonora 2025 (Feli-Son), un encuentro literario y art\u00edstico que consolidar\u00e1 a Sonora como un estado promotor de la lectura, la diversidad cultural [&hellip;]<\/p>\n","protected":false},"author":2,"featured_media":233128,"comment_status":"closed","ping_status":"closed","sticky":false,"template":"","format":"standard","meta":{"footnotes":""},"categories":[12870,178],"tags":[12865,12869],"class_list":["post-233127","post","type-post","status-publish","format-standard","has-post-thumbnail","hentry","category-destacadas","category-local","tag-destacadas","tag-local"],"jetpack_featured_media_url":"https:\/\/rnoticias.com.mx\/Portal\/wp-content\/uploads\/2025\/10\/unnamed-62.jpg","amp_enabled":true,"_links":{"self":[{"href":"https:\/\/rnoticias.com.mx\/Portal\/wp-json\/wp\/v2\/posts\/233127","targetHints":{"allow":["GET"]}}],"collection":[{"href":"https:\/\/rnoticias.com.mx\/Portal\/wp-json\/wp\/v2\/posts"}],"about":[{"href":"https:\/\/rnoticias.com.mx\/Portal\/wp-json\/wp\/v2\/types\/post"}],"author":[{"embeddable":true,"href":"https:\/\/rnoticias.com.mx\/Portal\/wp-json\/wp\/v2\/users\/2"}],"replies":[{"embeddable":true,"href":"https:\/\/rnoticias.com.mx\/Portal\/wp-json\/wp\/v2\/comments?post=233127"}],"version-history":[{"count":1,"href":"https:\/\/rnoticias.com.mx\/Portal\/wp-json\/wp\/v2\/posts\/233127\/revisions"}],"predecessor-version":[{"id":233129,"href":"https:\/\/rnoticias.com.mx\/Portal\/wp-json\/wp\/v2\/posts\/233127\/revisions\/233129"}],"wp:featuredmedia":[{"embeddable":true,"href":"https:\/\/rnoticias.com.mx\/Portal\/wp-json\/wp\/v2\/media\/233128"}],"wp:attachment":[{"href":"https:\/\/rnoticias.com.mx\/Portal\/wp-json\/wp\/v2\/media?parent=233127"}],"wp:term":[{"taxonomy":"category","embeddable":true,"href":"https:\/\/rnoticias.com.mx\/Portal\/wp-json\/wp\/v2\/categories?post=233127"},{"taxonomy":"post_tag","embeddable":true,"href":"https:\/\/rnoticias.com.mx\/Portal\/wp-json\/wp\/v2\/tags?post=233127"}],"curies":[{"name":"wp","href":"https:\/\/api.w.org\/{rel}","templated":true}]}}