{"id":233124,"date":"2025-10-21T18:21:05","date_gmt":"2025-10-22T01:21:05","guid":{"rendered":"https:\/\/rnoticias.com.mx\/Portal\/?p=233124"},"modified":"2025-10-21T18:21:05","modified_gmt":"2025-10-22T01:21:05","slug":"aumentar-impuestos-a-bebidas-azucaradas-debe-ayudara-a-reducir-diabetes-especialista","status":"publish","type":"post","link":"https:\/\/rnoticias.com.mx\/Portal\/2025\/10\/21\/aumentar-impuestos-a-bebidas-azucaradas-debe-ayudara-a-reducir-diabetes-especialista\/","title":{"rendered":"Aumentar impuestos a bebidas azucaradas debe ayudara a reducir diabetes: especialista"},"content":{"rendered":"<p>El doctor Roberto Holgu\u00edn Almada, endocrin\u00f3logo y experto en metabolismo, consider\u00f3 acertada la iniciativa federal que incrementa en tres pesos por litro el impuesto a las bebidas azucaradas, medida que entrar\u00e1 en vigor en enero de 2026.<\/p>\n<p>&nbsp;<\/p>\n<p>Explic\u00f3 que existe una relaci\u00f3n directa entre el consumo de estos productos y el aumento de enfermedades metab\u00f3licas como la diabetes, obesidad, hipertensi\u00f3n y males cardiovasculares.<\/p>\n<p>&nbsp;<\/p>\n<p>\u201cLo cierto es que nuestro pa\u00eds, M\u00e9xico, es un pa\u00eds donde se han hecho algunos esfuerzos\u00a0pero nada ha detenido el incremento de la incidencia y prevalencia de la diabetes.\u00a0M\u00e9xico es de los lugares donde m\u00e1s diabetes existe y donde se sufre innecesariamente\u00a0por este tipo de complicaciones que propician estas enfermedades\u201d, narr\u00f3.<\/p>\n<p>&nbsp;<\/p>\n<p>Record\u00f3 que M\u00e9xico es uno de los pa\u00edses con mayor consumo per c\u00e1pita de refrescos, con alrededor de 200 litros por persona al a\u00f1o, y uno de los que m\u00e1s padecen diabetes.<\/p>\n<p>&nbsp;<\/p>\n<p>Indic\u00f3 que organismos internacionales, incluidos la OMS y organismos financieros, han presionado a M\u00e9xico para reducir el consumo de estas bebidas.<\/p>\n<p>&nbsp;<\/p>\n","protected":false},"excerpt":{"rendered":"<p>El doctor Roberto Holgu\u00edn Almada, endocrin\u00f3logo y experto en metabolismo, consider\u00f3 acertada la iniciativa federal que incrementa en tres pesos por litro el impuesto a las bebidas azucaradas, medida que entrar\u00e1 en vigor en enero de 2026. &nbsp; Explic\u00f3 que existe una relaci\u00f3n directa entre el consumo de estos productos y el aumento de enfermedades [&hellip;]<\/p>\n","protected":false},"author":2,"featured_media":233125,"comment_status":"closed","ping_status":"closed","sticky":false,"template":"","format":"standard","meta":{"footnotes":""},"categories":[12870,178],"tags":[12865,12869],"class_list":["post-233124","post","type-post","status-publish","format-standard","has-post-thumbnail","hentry","category-destacadas","category-local","tag-destacadas","tag-local"],"jetpack_featured_media_url":"https:\/\/rnoticias.com.mx\/Portal\/wp-content\/uploads\/2025\/10\/IMPUESTO-BEBIDAS.jpg","amp_enabled":true,"_links":{"self":[{"href":"https:\/\/rnoticias.com.mx\/Portal\/wp-json\/wp\/v2\/posts\/233124","targetHints":{"allow":["GET"]}}],"collection":[{"href":"https:\/\/rnoticias.com.mx\/Portal\/wp-json\/wp\/v2\/posts"}],"about":[{"href":"https:\/\/rnoticias.com.mx\/Portal\/wp-json\/wp\/v2\/types\/post"}],"author":[{"embeddable":true,"href":"https:\/\/rnoticias.com.mx\/Portal\/wp-json\/wp\/v2\/users\/2"}],"replies":[{"embeddable":true,"href":"https:\/\/rnoticias.com.mx\/Portal\/wp-json\/wp\/v2\/comments?post=233124"}],"version-history":[{"count":1,"href":"https:\/\/rnoticias.com.mx\/Portal\/wp-json\/wp\/v2\/posts\/233124\/revisions"}],"predecessor-version":[{"id":233126,"href":"https:\/\/rnoticias.com.mx\/Portal\/wp-json\/wp\/v2\/posts\/233124\/revisions\/233126"}],"wp:featuredmedia":[{"embeddable":true,"href":"https:\/\/rnoticias.com.mx\/Portal\/wp-json\/wp\/v2\/media\/233125"}],"wp:attachment":[{"href":"https:\/\/rnoticias.com.mx\/Portal\/wp-json\/wp\/v2\/media?parent=233124"}],"wp:term":[{"taxonomy":"category","embeddable":true,"href":"https:\/\/rnoticias.com.mx\/Portal\/wp-json\/wp\/v2\/categories?post=233124"},{"taxonomy":"post_tag","embeddable":true,"href":"https:\/\/rnoticias.com.mx\/Portal\/wp-json\/wp\/v2\/tags?post=233124"}],"curies":[{"name":"wp","href":"https:\/\/api.w.org\/{rel}","templated":true}]}}