{"id":233114,"date":"2025-10-21T17:50:00","date_gmt":"2025-10-22T00:50:00","guid":{"rendered":"https:\/\/rnoticias.com.mx\/Portal\/?p=233114"},"modified":"2025-10-21T17:50:00","modified_gmt":"2025-10-22T00:50:00","slug":"hermosillo-sera-sede-de-foro-mundial-por-la-paz","status":"publish","type":"post","link":"https:\/\/rnoticias.com.mx\/Portal\/2025\/10\/21\/hermosillo-sera-sede-de-foro-mundial-por-la-paz\/","title":{"rendered":"Hermosillo ser\u00e1 sede de foro mundial por la paz"},"content":{"rendered":"<p>Hermosillo, Sonora. Del 27 al 31 de octubre, Hermosillo ser\u00e1 anfitri\u00f3n del 25 Congreso Mundial de Mediaci\u00f3n, un evento internacional que busca fomentar la cultura de la paz y el di\u00e1logo como v\u00eda para resolver conflictos.<\/p>\n<p>&nbsp;<\/p>\n<p>Jorge Pesqueira Leal, presidente del Instituto de Mediaci\u00f3n, destac\u00f3 que participar\u00e1n expertos de M\u00e9xico, Am\u00e9rica Latina, Europa y Estados Unidos.<\/p>\n<p>&nbsp;<\/p>\n<p>\u201cEl congreso, se desarrollar\u00e1 en el Museo Biblioteca de la Universidad de Sonora. Incluir\u00e1 nueve conferencias magistrales y 20 talleres centrados en temas como justicia comunitaria, mediaci\u00f3n escolar y fortalecimiento del tejido social\u201d, dijo.<\/p>\n<p>&nbsp;<\/p>\n<p>Por su parte, Ignacio Peinado Luna, dirigente de la Uni\u00f3n de Usuarios, hizo un llamado a sumarse al evento.<\/p>\n<p>&nbsp;<\/p>\n<p>\u201cHabr\u00e1 mesas de di\u00e1logo, presentaciones editoriales y foros: se abordar\u00e1 la mediaci\u00f3n digital y el rol de la familia. Para mayor informaci\u00f3n pueden consultar en <a href=\"http:\/\/www.congresodemediacion.com\">www.congresodemediacion.com<\/a>\u201d, cont\u00f3.<\/p>\n","protected":false},"excerpt":{"rendered":"<p>Hermosillo, Sonora. Del 27 al 31 de octubre, Hermosillo ser\u00e1 anfitri\u00f3n del 25 Congreso Mundial de Mediaci\u00f3n, un evento internacional que busca fomentar la cultura de la paz y el di\u00e1logo como v\u00eda para resolver conflictos. &nbsp; Jorge Pesqueira Leal, presidente del Instituto de Mediaci\u00f3n, destac\u00f3 que participar\u00e1n expertos de M\u00e9xico, Am\u00e9rica Latina, Europa y [&hellip;]<\/p>\n","protected":false},"author":2,"featured_media":233115,"comment_status":"closed","ping_status":"closed","sticky":false,"template":"","format":"standard","meta":{"footnotes":""},"categories":[12870,178],"tags":[12865,12869],"class_list":["post-233114","post","type-post","status-publish","format-standard","has-post-thumbnail","hentry","category-destacadas","category-local","tag-destacadas","tag-local"],"jetpack_featured_media_url":"https:\/\/rnoticias.com.mx\/Portal\/wp-content\/uploads\/2025\/10\/e2dd6876-0cae-4e48-b2db-5223520a1c5a.jpeg","amp_enabled":true,"_links":{"self":[{"href":"https:\/\/rnoticias.com.mx\/Portal\/wp-json\/wp\/v2\/posts\/233114","targetHints":{"allow":["GET"]}}],"collection":[{"href":"https:\/\/rnoticias.com.mx\/Portal\/wp-json\/wp\/v2\/posts"}],"about":[{"href":"https:\/\/rnoticias.com.mx\/Portal\/wp-json\/wp\/v2\/types\/post"}],"author":[{"embeddable":true,"href":"https:\/\/rnoticias.com.mx\/Portal\/wp-json\/wp\/v2\/users\/2"}],"replies":[{"embeddable":true,"href":"https:\/\/rnoticias.com.mx\/Portal\/wp-json\/wp\/v2\/comments?post=233114"}],"version-history":[{"count":2,"href":"https:\/\/rnoticias.com.mx\/Portal\/wp-json\/wp\/v2\/posts\/233114\/revisions"}],"predecessor-version":[{"id":233117,"href":"https:\/\/rnoticias.com.mx\/Portal\/wp-json\/wp\/v2\/posts\/233114\/revisions\/233117"}],"wp:featuredmedia":[{"embeddable":true,"href":"https:\/\/rnoticias.com.mx\/Portal\/wp-json\/wp\/v2\/media\/233115"}],"wp:attachment":[{"href":"https:\/\/rnoticias.com.mx\/Portal\/wp-json\/wp\/v2\/media?parent=233114"}],"wp:term":[{"taxonomy":"category","embeddable":true,"href":"https:\/\/rnoticias.com.mx\/Portal\/wp-json\/wp\/v2\/categories?post=233114"},{"taxonomy":"post_tag","embeddable":true,"href":"https:\/\/rnoticias.com.mx\/Portal\/wp-json\/wp\/v2\/tags?post=233114"}],"curies":[{"name":"wp","href":"https:\/\/api.w.org\/{rel}","templated":true}]}}