{"id":233105,"date":"2025-10-21T16:49:15","date_gmt":"2025-10-21T23:49:15","guid":{"rendered":"https:\/\/rnoticias.com.mx\/Portal\/?p=233105"},"modified":"2025-10-21T16:49:15","modified_gmt":"2025-10-21T23:49:15","slug":"rescate-de-menores-revela-pobreza-no-solo-crimen-especialista","status":"publish","type":"post","link":"https:\/\/rnoticias.com.mx\/Portal\/2025\/10\/21\/rescate-de-menores-revela-pobreza-no-solo-crimen-especialista\/","title":{"rendered":"Rescate de menores revela pobreza, no solo crimen: Especialista"},"content":{"rendered":"<p>Hermosillo, Sonora. El rescate de diez menores y tres adultos en cautiverio en el sur de Hermosillo, resultado de un operativo de la FGR, debe analizarse desde una perspectiva social y no solo penal, advirti\u00f3 el acad\u00e9mico Jorge Pesqueira Leal.<\/p>\n<p>&nbsp;<\/p>\n<p>El especialista en Derecho y Sociolog\u00eda se\u00f1al\u00f3 que estos casos, aunque tipificados como trata de personas, tambi\u00e9n reflejan la profunda desigualdad que vive el pa\u00eds.<\/p>\n<p>\u201cLa mendicidad forzada no siempre es crimen organizado; muchas veces es una forma de sobrevivir ante la pobreza y eso es algo que en pa\u00edses como M\u00e9xico ha sucedido desde hace a\u00f1os\u201d, afirm\u00f3.<\/p>\n<p>&nbsp;<\/p>\n<p>Pesqueira llam\u00f3 a no criminalizar a quienes enfrentan condiciones extremas y a fortalecer la coordinaci\u00f3n entre autoridades.<\/p>\n<p>&nbsp;<\/p>\n<p>Propuso combatir el problema con pol\u00edticas p\u00fablicas integrales que aborden la salud, educaci\u00f3n y combate a la pobreza, en lugar de recurrir \u00fanicamente a castigos.<\/p>\n<p>&nbsp;<\/p>\n<p>&nbsp;<\/p>\n<p>&nbsp;<\/p>\n<p>Cifra:<\/p>\n<p>&nbsp;<\/p>\n<p>Las edades de los ni\u00f1os rescatados eran dos de 12 a\u00f1os de edad, el resto de entre 3 y 7 a\u00f1os de edad<\/p>\n","protected":false},"excerpt":{"rendered":"<p>Hermosillo, Sonora. El rescate de diez menores y tres adultos en cautiverio en el sur de Hermosillo, resultado de un operativo de la FGR, debe analizarse desde una perspectiva social y no solo penal, advirti\u00f3 el acad\u00e9mico Jorge Pesqueira Leal. &nbsp; El especialista en Derecho y Sociolog\u00eda se\u00f1al\u00f3 que estos casos, aunque tipificados como trata [&hellip;]<\/p>\n","protected":false},"author":2,"featured_media":233106,"comment_status":"closed","ping_status":"closed","sticky":false,"template":"","format":"standard","meta":{"footnotes":""},"categories":[12870,178],"tags":[12865,12869],"class_list":["post-233105","post","type-post","status-publish","format-standard","has-post-thumbnail","hentry","category-destacadas","category-local","tag-destacadas","tag-local"],"jetpack_featured_media_url":"https:\/\/rnoticias.com.mx\/Portal\/wp-content\/uploads\/2025\/10\/web560-11.jpg","amp_enabled":true,"_links":{"self":[{"href":"https:\/\/rnoticias.com.mx\/Portal\/wp-json\/wp\/v2\/posts\/233105","targetHints":{"allow":["GET"]}}],"collection":[{"href":"https:\/\/rnoticias.com.mx\/Portal\/wp-json\/wp\/v2\/posts"}],"about":[{"href":"https:\/\/rnoticias.com.mx\/Portal\/wp-json\/wp\/v2\/types\/post"}],"author":[{"embeddable":true,"href":"https:\/\/rnoticias.com.mx\/Portal\/wp-json\/wp\/v2\/users\/2"}],"replies":[{"embeddable":true,"href":"https:\/\/rnoticias.com.mx\/Portal\/wp-json\/wp\/v2\/comments?post=233105"}],"version-history":[{"count":1,"href":"https:\/\/rnoticias.com.mx\/Portal\/wp-json\/wp\/v2\/posts\/233105\/revisions"}],"predecessor-version":[{"id":233107,"href":"https:\/\/rnoticias.com.mx\/Portal\/wp-json\/wp\/v2\/posts\/233105\/revisions\/233107"}],"wp:featuredmedia":[{"embeddable":true,"href":"https:\/\/rnoticias.com.mx\/Portal\/wp-json\/wp\/v2\/media\/233106"}],"wp:attachment":[{"href":"https:\/\/rnoticias.com.mx\/Portal\/wp-json\/wp\/v2\/media?parent=233105"}],"wp:term":[{"taxonomy":"category","embeddable":true,"href":"https:\/\/rnoticias.com.mx\/Portal\/wp-json\/wp\/v2\/categories?post=233105"},{"taxonomy":"post_tag","embeddable":true,"href":"https:\/\/rnoticias.com.mx\/Portal\/wp-json\/wp\/v2\/tags?post=233105"}],"curies":[{"name":"wp","href":"https:\/\/api.w.org\/{rel}","templated":true}]}}