{"id":233087,"date":"2025-10-21T15:06:39","date_gmt":"2025-10-21T22:06:39","guid":{"rendered":"https:\/\/rnoticias.com.mx\/Portal\/?p=233087"},"modified":"2025-10-21T15:06:39","modified_gmt":"2025-10-21T22:06:39","slug":"britney-spears-asegura-haber-sufrido-dano-cerebral-a-consecuencia-de-maltratos","status":"publish","type":"post","link":"https:\/\/rnoticias.com.mx\/Portal\/2025\/10\/21\/britney-spears-asegura-haber-sufrido-dano-cerebral-a-consecuencia-de-maltratos\/","title":{"rendered":"Britney Spears asegura haber sufrido da\u00f1o cerebral a consecuencia de maltratos"},"content":{"rendered":"<p>Britney Spears revel\u00f3 que sufre\u00a0<i>\u201cda\u00f1o cerebral\u201d\u00a0<\/i>como consecuencia de experiencias traum\u00e1ticas, una declaraci\u00f3n que llega mientras crece la pol\u00e9mica\u00a0<strong>por el inminente lanzamiento del libro de memorias de su exesposo, Kevin Federline, titulado You Thought You Knew.<\/strong><\/p>\n<p>La artista abord\u00f3 el tema a trav\u00e9s de una publicaci\u00f3n realizada el domingo en sus redes sociales, donde respondi\u00f3 a algunas de las afirmaciones contenidas en el texto a\u00fan no publicado.\u00a0<i><strong>\u201cTuve una experiencia traum\u00e1tica, como algunos saben, al final de mi libro, donde durante cuatro meses ya no tuve mi puerta privada y se me oblig\u00f3, de forma ilegal, a no usar mis pies ni mi cuerpo para ir a ning\u00fan lugar\u201d,<\/strong><\/i>\u00a0escribi\u00f3 la cantante, haciendo alusi\u00f3n a los hechos relatados en su autobiograf\u00eda<i>\u00a0The Woman in Me,<\/i>\u00a0editada en 2023.<\/p>\n<p>Spears asegur\u00f3 que aquel confinamiento extremo\u00a0<i><mark>\u201clastim\u00f3 mi cuerpo y la l\u00f3gica y la conciencia en mi cuerpo como UNO fueron asesinadas y destruidas al ciento por ciento\u201d.\u00a0<\/mark><\/i>Adem\u00e1s, record\u00f3 que no pudo bailar ni moverse durante\u00a0<strong>cinco meses,<\/strong>\u00a0subrayando el papel que el baile ha tenido en su proceso de sanaci\u00f3n:\u00a0<i><strong>\u201cS\u00e9 que mis publicaciones bailando pueden parecer rid\u00edculas pero me ayudaron a recordar c\u00f3mo volar\u201d.<\/strong><\/i><\/p>\n<p>En esa misma publicaci\u00f3n, la int\u00e9rprete de Toxic agreg\u00f3:\u00a0<i><strong>\u201cSiento que me quitaron las alas y me ocurri\u00f3 da\u00f1o cerebral hace tiempo, cien por ciento\u201d.<\/strong><\/i>\u00a0No obstante, tambi\u00e9n afirm\u00f3 que ha logrado superar aquella etapa:\u00a0<i><strong>\u201cPor supuesto, ya he dejado atr\u00e1s ese periodo dif\u00edcil de mi vida y me siento afortunada de estar viva\u201d.<\/strong><\/i><\/p>\n<p>La cantante insisti\u00f3 en que sus declaraciones deben tomarse con seriedad, a pesar del tono emocional:\u00a0<i><strong>\u201cAunque esto suene tonto, estoy aportando sustancia entre toda la basura que se est\u00e1 diciendo de m\u00ed\u201d.\u00a0<\/strong><\/i>Junto a su mensaje, comparti\u00f3 una fotograf\u00eda en la que aparece de espaldas, montando a caballo y con el torso parcialmente descubierto.<\/p>\n<p>Mientras tanto, fragmentos del libro de Kevin Federline, difundidos por diversos medios, describen momentos tensos de su convivencia con Britney Spears y su vida familiar. En uno de los pasajes, el exbailar\u00edn afirma que la artista fue vista\u00a0<i>\u201cmirando dormir a sus hijos mientras sosten\u00eda un cuchillo en la mano\u201d.\u00a0<\/i>Tambi\u00e9n se mencionan supuestos episodios de\u00a0<strong>consumo de coca\u00edna durante la lactancia\u00a0<\/strong>y presuntas agresiones a su hijo mayor, Sean Preston.<\/p>\n<p>Spears record\u00f3 que durante a\u00f1os enfrent\u00f3 un proceso legal complicado por la custodia de los menores, lo que dej\u00f3 una huella emocional significativa.:\u00a0<i><strong>\u201cSi realmente amas a alguien, no lo ayudas humill\u00e1ndolo\u201d,<\/strong><\/i> escribi\u00f3 en su perfil de X. En otro mensaje a\u00f1adi\u00f3:<\/p>\n<p>\u201cLo que me asust\u00f3 fue lo serio y enojado que se puso, la gente no tiene idea, es mucho peor de lo que cualquiera podr\u00eda imaginar\u201d.<\/p>\n<p>Sobre su v\u00ednculo actual con sus hijos, la cantante coment\u00f3:\u00a0<i><strong>\u201cSiempre he suplicado tener una vida alrededor de mis hijos\u201d.\u00a0<\/strong><\/i>Tambi\u00e9n expres\u00f3 sentirse desalentada por la situaci\u00f3n:\u00a0<i><strong>\u201cLas relaciones con adolescentes son complejas. Me he sentido desmoralizada por esta situaci\u00f3n y siempre ped\u00ed que ellos estuvieran conmigo. Lamentablemente, ellos siempre fueron testigos de la falta de respeto de su padre hacia m\u00ed\u201d.<\/strong><\/i><\/p>\n<p>Spears record\u00f3 que durante a\u00f1os enfrent\u00f3 un proceso legal complicado por la custodia de los menores,\u00a0<mark>lo que dej\u00f3 una huella emocional significativa.<\/mark><\/p>\n<p>Por su parte, en declaraciones a Associated Press, Federline asegur\u00f3 que\u00a0<i><strong>\u201cver a Spears beber durante su embarazo activ\u00f3 todas las alarmas en mi cabeza\u201d.<\/strong><\/i>\u00a0El exbailar\u00edn, de 47 a\u00f1os, tambi\u00e9n mencion\u00f3 que fue testigo de comportamientos peligrosos frente a los ni\u00f1os y que la inestabilidad que observ\u00f3 lo impuls\u00f3 a escribir su libro.\u00a0<i><strong>\u201cDesde mi perspectiva, el tiempo se acaba y nos acercamos al l\u00edmite. Algo malo suceder\u00e1 si todo sigue igual, y mi mayor temor es que nuestros hijos queden con las consecuencias\u201d,<\/strong><\/i>\u00a0escribi\u00f3 Federline.<\/p>\n<p><mark>Britney Spears y Kevin Federline contrajeron matrimonio en septiembre de 2004 y tuvieron dos hijos: Sean Preston y Jayden James,<\/mark>\u00a0nacidos en 2005 y 2006. Tres a\u00f1os despu\u00e9s, la pareja se divorci\u00f3, iniciando una prolongada batalla judicial por la custodia de los ni\u00f1os, en medio del pol\u00e9mico periodo de tutela legal de la cantante. En 2023,\u00a0<strong>Federline se mud\u00f3 a Haw\u00e1i junto a sus hijos y su esposa actual, Victoria Prince.<\/strong><\/p>\n","protected":false},"excerpt":{"rendered":"<p>Britney Spears revel\u00f3 que sufre\u00a0\u201cda\u00f1o cerebral\u201d\u00a0como consecuencia de experiencias traum\u00e1ticas, una declaraci\u00f3n que llega mientras crece la pol\u00e9mica\u00a0por el inminente lanzamiento del libro de memorias de su exesposo, Kevin Federline, titulado You Thought You Knew. La artista abord\u00f3 el tema a trav\u00e9s de una publicaci\u00f3n realizada el domingo en sus redes sociales, donde respondi\u00f3 a [&hellip;]<\/p>\n","protected":false},"author":2,"featured_media":233088,"comment_status":"closed","ping_status":"closed","sticky":false,"template":"","format":"standard","meta":{"footnotes":""},"categories":[219],"tags":[12875],"class_list":["post-233087","post","type-post","status-publish","format-standard","has-post-thumbnail","hentry","category-espectaculos","tag-espectaculos"],"jetpack_featured_media_url":"https:\/\/rnoticias.com.mx\/Portal\/wp-content\/uploads\/2025\/10\/Britney-Spears-confiesa-dano-cerebral-tras-experiencia-traumatica-y-asegura-sentirse-afortunada-de-vivir.png","amp_enabled":true,"_links":{"self":[{"href":"https:\/\/rnoticias.com.mx\/Portal\/wp-json\/wp\/v2\/posts\/233087","targetHints":{"allow":["GET"]}}],"collection":[{"href":"https:\/\/rnoticias.com.mx\/Portal\/wp-json\/wp\/v2\/posts"}],"about":[{"href":"https:\/\/rnoticias.com.mx\/Portal\/wp-json\/wp\/v2\/types\/post"}],"author":[{"embeddable":true,"href":"https:\/\/rnoticias.com.mx\/Portal\/wp-json\/wp\/v2\/users\/2"}],"replies":[{"embeddable":true,"href":"https:\/\/rnoticias.com.mx\/Portal\/wp-json\/wp\/v2\/comments?post=233087"}],"version-history":[{"count":1,"href":"https:\/\/rnoticias.com.mx\/Portal\/wp-json\/wp\/v2\/posts\/233087\/revisions"}],"predecessor-version":[{"id":233089,"href":"https:\/\/rnoticias.com.mx\/Portal\/wp-json\/wp\/v2\/posts\/233087\/revisions\/233089"}],"wp:featuredmedia":[{"embeddable":true,"href":"https:\/\/rnoticias.com.mx\/Portal\/wp-json\/wp\/v2\/media\/233088"}],"wp:attachment":[{"href":"https:\/\/rnoticias.com.mx\/Portal\/wp-json\/wp\/v2\/media?parent=233087"}],"wp:term":[{"taxonomy":"category","embeddable":true,"href":"https:\/\/rnoticias.com.mx\/Portal\/wp-json\/wp\/v2\/categories?post=233087"},{"taxonomy":"post_tag","embeddable":true,"href":"https:\/\/rnoticias.com.mx\/Portal\/wp-json\/wp\/v2\/tags?post=233087"}],"curies":[{"name":"wp","href":"https:\/\/api.w.org\/{rel}","templated":true}]}}