{"id":233078,"date":"2025-10-21T12:16:45","date_gmt":"2025-10-21T19:16:45","guid":{"rendered":"https:\/\/rnoticias.com.mx\/Portal\/?p=233078"},"modified":"2025-10-21T12:16:45","modified_gmt":"2025-10-21T19:16:45","slug":"sarkozy-expresidente-de-francia-entra-a-prision-para-cumplir-condena-de-5-anos","status":"publish","type":"post","link":"https:\/\/rnoticias.com.mx\/Portal\/2025\/10\/21\/sarkozy-expresidente-de-francia-entra-a-prision-para-cumplir-condena-de-5-anos\/","title":{"rendered":"Sarkozy, expresidente de Francia, entra a prisi\u00f3n para cumplir condena de 5 a\u00f1os"},"content":{"rendered":"<p>El expresidente de Francia,\u00a0<strong>Nicolas Sarkozy<\/strong>, entr\u00f3 este martes en la\u00a0<strong>prisi\u00f3n<\/strong>\u00a0parisiense de La Sant\u00e9 por la pena de cinco a\u00f1os impuesta por la\u00a0<strong>financiaci\u00f3n de la campa\u00f1a electoral<\/strong>\u00a0que le llev\u00f3 al El\u00edseo en 2007 con dinero del r\u00e9gimen libio de\u00a0<strong>Muamar Gadafi<\/strong>, lo que le convierte en el primer exjefe de\u00a0<strong>Estado franc\u00e9s<\/strong>\u00a0en ser encarcelado.<\/p>\n<p>Su encarcelamiento, que ha causado un electrochoque en una parte de la\u00a0<strong>sociedad francesa<\/strong>, fue seguido por decenas de medios de comunicaci\u00f3n nacionales y extranjeros, incluso varias televisiones trasmitieron el trayecto del exjefe desde su domicilio en directo. Justo antes de poner rumbo a La Sant\u00e9, el expresidente public\u00f3 un mensaje en sus\u00a0<strong>redes sociales<\/strong>: &#8220;Al prepararme para cruzar los muros de La Sant\u00e9, mis pensamientos est\u00e1n con el pueblo franc\u00e9s&#8221;.<\/p>\n<p>Sarkozy fue sentenciado el pasado 25 de septiembre a cinco a\u00f1os de prisi\u00f3n por haber formado parte de una &#8220;asociaci\u00f3n de malhechores&#8221; y por haber dejado que sus principales colaboradores negociaran con responsables del r\u00e9gimen de Gadafi para obtener dinero para la campa\u00f1a de las\u00a0<strong>elecciones presidenciales de 2007<\/strong>.<\/p>\n<p>&nbsp;<\/p>\n<p>Fuente: EFE<\/p>\n","protected":false},"excerpt":{"rendered":"<p>El expresidente de Francia,\u00a0Nicolas Sarkozy, entr\u00f3 este martes en la\u00a0prisi\u00f3n\u00a0parisiense de La Sant\u00e9 por la pena de cinco a\u00f1os impuesta por la\u00a0financiaci\u00f3n de la campa\u00f1a electoral\u00a0que le llev\u00f3 al El\u00edseo en 2007 con dinero del r\u00e9gimen libio de\u00a0Muamar Gadafi, lo que le convierte en el primer exjefe de\u00a0Estado franc\u00e9s\u00a0en ser encarcelado. Su encarcelamiento, que ha [&hellip;]<\/p>\n","protected":false},"author":2,"featured_media":233079,"comment_status":"closed","ping_status":"closed","sticky":false,"template":"","format":"standard","meta":{"footnotes":""},"categories":[12870,182],"tags":[12865,12871],"class_list":["post-233078","post","type-post","status-publish","format-standard","has-post-thumbnail","hentry","category-destacadas","category-internacional","tag-destacadas","tag-internacional"],"jetpack_featured_media_url":"https:\/\/rnoticias.com.mx\/Portal\/wp-content\/uploads\/2025\/10\/2025-09-25T115211Z-269356239-RC2ZYGAHLXDD-RTRMADP-3-FRANCE-POLITICS-SARKOZY-TRIAL.jpg","amp_enabled":true,"_links":{"self":[{"href":"https:\/\/rnoticias.com.mx\/Portal\/wp-json\/wp\/v2\/posts\/233078","targetHints":{"allow":["GET"]}}],"collection":[{"href":"https:\/\/rnoticias.com.mx\/Portal\/wp-json\/wp\/v2\/posts"}],"about":[{"href":"https:\/\/rnoticias.com.mx\/Portal\/wp-json\/wp\/v2\/types\/post"}],"author":[{"embeddable":true,"href":"https:\/\/rnoticias.com.mx\/Portal\/wp-json\/wp\/v2\/users\/2"}],"replies":[{"embeddable":true,"href":"https:\/\/rnoticias.com.mx\/Portal\/wp-json\/wp\/v2\/comments?post=233078"}],"version-history":[{"count":1,"href":"https:\/\/rnoticias.com.mx\/Portal\/wp-json\/wp\/v2\/posts\/233078\/revisions"}],"predecessor-version":[{"id":233080,"href":"https:\/\/rnoticias.com.mx\/Portal\/wp-json\/wp\/v2\/posts\/233078\/revisions\/233080"}],"wp:featuredmedia":[{"embeddable":true,"href":"https:\/\/rnoticias.com.mx\/Portal\/wp-json\/wp\/v2\/media\/233079"}],"wp:attachment":[{"href":"https:\/\/rnoticias.com.mx\/Portal\/wp-json\/wp\/v2\/media?parent=233078"}],"wp:term":[{"taxonomy":"category","embeddable":true,"href":"https:\/\/rnoticias.com.mx\/Portal\/wp-json\/wp\/v2\/categories?post=233078"},{"taxonomy":"post_tag","embeddable":true,"href":"https:\/\/rnoticias.com.mx\/Portal\/wp-json\/wp\/v2\/tags?post=233078"}],"curies":[{"name":"wp","href":"https:\/\/api.w.org\/{rel}","templated":true}]}}