{"id":233075,"date":"2025-10-21T12:15:48","date_gmt":"2025-10-21T19:15:48","guid":{"rendered":"https:\/\/rnoticias.com.mx\/Portal\/?p=233075"},"modified":"2025-10-21T12:15:48","modified_gmt":"2025-10-21T19:15:48","slug":"presentan-en-bolivia-acusacion-formal-contra-evo-morales-por-trata-agravada-de-personas","status":"publish","type":"post","link":"https:\/\/rnoticias.com.mx\/Portal\/2025\/10\/21\/presentan-en-bolivia-acusacion-formal-contra-evo-morales-por-trata-agravada-de-personas\/","title":{"rendered":"Presentan en Bolivia acusaci\u00f3n formal contra Evo Morales por trata agravada de personas"},"content":{"rendered":"<p>La\u00a0<strong>Fiscal\u00eda de Tarija<\/strong>\u00a0present\u00f3 este martes la\u00a0<strong>acusaci\u00f3n formal<\/strong>\u00a0contra el\u00a0<strong>expresidente de Bolivia<\/strong>\u00a0<strong>Evo Morales<\/strong>\u00a0por el delito de\u00a0<strong>trata agravada de personas<\/strong>, lo que significa que el juez del proceso debe se\u00f1alar una fecha para que comience el juicio en su contra.<\/p>\n<p>La fiscal Departamental de Tarija, Sandra Guti\u00e9rrez, inform\u00f3 que se lleg\u00f3 a esta instancia del\u00a0<strong>proceso penal<\/strong>\u00a0contra Morales (2006-2019) despu\u00e9s de haber realizado un an\u00e1lisis &#8220;minucioso&#8221; de todas las pruebas e informes recopilados durante la etapa preparatoria.<\/p>\n<p>En octubre de 2024, la fiscal Guti\u00e9rrez dict\u00f3 una\u00a0<strong>orden de captura<\/strong>\u00a0contra el exmandatario, que posteriormente refrendada por un juzgado de Tarija, por supuestamente tener un hijo con una menor de edad mientras era presidente de Bolivia, en 2016.<\/p>\n<p>A principios de este a\u00f1o, un tribunal judicial declar\u00f3\u00a0<strong>en rebeld\u00eda a Morales<\/strong>, despu\u00e9s de que el pol\u00edtico no se presentara en dos ocasiones, al alegar enfermedad, a una audiencia que deb\u00eda resolver la acusaci\u00f3n en su contra por trata agravada de personas.<\/p>\n<p>&nbsp;<\/p>\n<p>Fuente: EFE<\/p>\n","protected":false},"excerpt":{"rendered":"<p>La\u00a0Fiscal\u00eda de Tarija\u00a0present\u00f3 este martes la\u00a0acusaci\u00f3n formal\u00a0contra el\u00a0expresidente de Bolivia\u00a0Evo Morales\u00a0por el delito de\u00a0trata agravada de personas, lo que significa que el juez del proceso debe se\u00f1alar una fecha para que comience el juicio en su contra. La fiscal Departamental de Tarija, Sandra Guti\u00e9rrez, inform\u00f3 que se lleg\u00f3 a esta instancia del\u00a0proceso penal\u00a0contra Morales (2006-2019) [&hellip;]<\/p>\n","protected":false},"author":2,"featured_media":233076,"comment_status":"closed","ping_status":"closed","sticky":false,"template":"","format":"standard","meta":{"footnotes":""},"categories":[12870,182],"tags":[12865,12871],"class_list":["post-233075","post","type-post","status-publish","format-standard","has-post-thumbnail","hentry","category-destacadas","category-internacional","tag-destacadas","tag-internacional"],"jetpack_featured_media_url":"https:\/\/rnoticias.com.mx\/Portal\/wp-content\/uploads\/2025\/10\/70409316_604.jpg","amp_enabled":true,"_links":{"self":[{"href":"https:\/\/rnoticias.com.mx\/Portal\/wp-json\/wp\/v2\/posts\/233075","targetHints":{"allow":["GET"]}}],"collection":[{"href":"https:\/\/rnoticias.com.mx\/Portal\/wp-json\/wp\/v2\/posts"}],"about":[{"href":"https:\/\/rnoticias.com.mx\/Portal\/wp-json\/wp\/v2\/types\/post"}],"author":[{"embeddable":true,"href":"https:\/\/rnoticias.com.mx\/Portal\/wp-json\/wp\/v2\/users\/2"}],"replies":[{"embeddable":true,"href":"https:\/\/rnoticias.com.mx\/Portal\/wp-json\/wp\/v2\/comments?post=233075"}],"version-history":[{"count":1,"href":"https:\/\/rnoticias.com.mx\/Portal\/wp-json\/wp\/v2\/posts\/233075\/revisions"}],"predecessor-version":[{"id":233077,"href":"https:\/\/rnoticias.com.mx\/Portal\/wp-json\/wp\/v2\/posts\/233075\/revisions\/233077"}],"wp:featuredmedia":[{"embeddable":true,"href":"https:\/\/rnoticias.com.mx\/Portal\/wp-json\/wp\/v2\/media\/233076"}],"wp:attachment":[{"href":"https:\/\/rnoticias.com.mx\/Portal\/wp-json\/wp\/v2\/media?parent=233075"}],"wp:term":[{"taxonomy":"category","embeddable":true,"href":"https:\/\/rnoticias.com.mx\/Portal\/wp-json\/wp\/v2\/categories?post=233075"},{"taxonomy":"post_tag","embeddable":true,"href":"https:\/\/rnoticias.com.mx\/Portal\/wp-json\/wp\/v2\/tags?post=233075"}],"curies":[{"name":"wp","href":"https:\/\/api.w.org\/{rel}","templated":true}]}}